{"id":7280,"date":"2026-03-11T13:14:03","date_gmt":"2026-03-11T12:14:03","guid":{"rendered":"https:\/\/madridmarcha.com\/?p=7280"},"modified":"2026-03-11T13:14:30","modified_gmt":"2026-03-11T12:14:30","slug":"diego-garcia-carrera-y-antia-chamosa-campeones-de-espana-de-media-maraton-de-marcha","status":"publish","type":"post","link":"https:\/\/madridmarcha.com\/en\/2026\/03\/11\/diego-garcia-carrera-y-antia-chamosa-campeones-de-espana-de-media-maraton-de-marcha\/","title":{"rendered":"Diego Garc\u00eda Carrera y Ant\u00eda Chamosa, campeones de Espa\u00f1a de Media Marat\u00f3n de Marcha"},"content":{"rendered":"<p>La marcha atl\u00e9tica espa\u00f1ola ha vivido este fin de semana un momento hist\u00f3rico con la celebraci\u00f3n en Cieza (Murcia) del primer Campeonato de Espa\u00f1a de Media Marat\u00f3n de Marcha. En esta cita inaugural, Diego Garc\u00eda Carrera y Ant\u00eda Chamosa se proclamaron campeones de Espa\u00f1a tras imponerse con autoridad en dos pruebas de gran nivel competitivo.<\/p>\n\n\n\n<p>En categor\u00eda masculina, la carrera se resolvi\u00f3 en un exigente duelo entre <strong>Diego Garc\u00eda Carrera<\/strong>&nbsp;y \u00c1lvaro L\u00f3pez, que marcharon juntos durante buena parte del recorrido. Fue en los kil\u00f3metros finales cuando el atleta madrile\u00f1o cambi\u00f3 el ritmo con decisi\u00f3n, logrando abrir una peque\u00f1a pero definitiva ventaja para cruzar la meta en 1:26:08 y convertirse as\u00ed en el primer campe\u00f3n de Espa\u00f1a de la historia en esta nueva distancia.<\/p>\n\n\n\n<p>En la prueba femenina, <strong>Ant\u00eda Chamosa<\/strong>&nbsp;confirm\u00f3 su excelente estado de forma y sum\u00f3 un nuevo t\u00edtulo nacional a su palmar\u00e9s. La marchadora gallega domin\u00f3 la competici\u00f3n con solvencia, reafirm\u00e1ndose como una de las grandes referencias de la marcha espa\u00f1ola en el panorama internacional.<\/p>\n\n\n\n<p>El campeonato se disput\u00f3 sobre un circuito urbano de un kil\u00f3metro con salida y meta en la Plaza de Espa\u00f1a de Cieza, al que los atletas dieron 21 vueltas hasta completar los 21,097 kil\u00f3metros de la media marat\u00f3n. La jornada reuni\u00f3 a algunos de los mejores especialistas del pa\u00eds y volvi\u00f3 a evidenciar la excelente salud de una disciplina hist\u00f3ricamente vinculada al \u00e9xito del atletismo espa\u00f1ol.<\/p>\n\n\n\n<p>La creaci\u00f3n de esta nueva distancia representa adem\u00e1s un paso relevante en la evoluci\u00f3n del programa competitivo de la marcha atl\u00e9tica, aline\u00e1ndose con las tendencias internacionales y ofreciendo nuevas oportunidades de desarrollo para los especialistas de la disciplina.<\/p>\n\n\n\n<p>Entre los protagonistas de este nuevo cap\u00edtulo figuran precisamente Diego Garc\u00eda Carrera y Ant\u00eda Chamosa, dos atletas habituales en las grandes citas del calendario nacional e internacional y tambi\u00e9n del <strong>Gran Premio Internacional Madrid Marcha<\/strong>, la prueba que cada primavera transforma la Gran V\u00eda de Madrid en uno de los escenarios m\u00e1s emblem\u00e1ticos y espectaculares de la marcha mundial.<\/p>\n\n\n\n<p>El crecimiento de la marcha espa\u00f1ola sigue as\u00ed su curso, apoyado en una generaci\u00f3n de atletas capaces de seguir escribiendo p\u00e1ginas de historia en una especialidad que forma parte esencial del ADN del atletismo nacional.<\/p>\n\n\n<div class=\"wp-block-image\">\n<figure class=\"aligncenter size-large\"><img loading=\"lazy\" decoding=\"async\" width=\"768\" height=\"1024\" src=\"https:\/\/madridmarcha.com\/wp-content\/uploads\/2026\/03\/Diego-ganador-C-Espana-768x1024.jpeg\" alt=\"\" class=\"wp-image-7282\" srcset=\"https:\/\/madridmarcha.com\/wp-content\/uploads\/2026\/03\/Diego-ganador-C-Espana-768x1024.jpeg 768w, https:\/\/madridmarcha.com\/wp-content\/uploads\/2026\/03\/Diego-ganador-C-Espana-225x300.jpeg 225w, https:\/\/madridmarcha.com\/wp-content\/uploads\/2026\/03\/Diego-ganador-C-Espana-1152x1536.jpeg 1152w, https:\/\/madridmarcha.com\/wp-content\/uploads\/2026\/03\/Diego-ganador-C-Espana-9x12.jpeg 9w, https:\/\/madridmarcha.com\/wp-content\/uploads\/2026\/03\/Diego-ganador-C-Espana-370x493.jpeg 370w, https:\/\/madridmarcha.com\/wp-content\/uploads\/2026\/03\/Diego-ganador-C-Espana-745x993.jpeg 745w, https:\/\/madridmarcha.com\/wp-content\/uploads\/2026\/03\/Diego-ganador-C-Espana-365x487.jpeg 365w, https:\/\/madridmarcha.com\/wp-content\/uploads\/2026\/03\/Diego-ganador-C-Espana.jpeg 1200w\" sizes=\"auto, (max-width: 768px) 100vw, 768px\" \/><\/figure>\n<\/div>","protected":false},"excerpt":{"rendered":"<p>La marcha atl\u00e9tica espa\u00f1ola ha vivido este fin de semana un momento hist\u00f3rico con la celebraci\u00f3n en Cieza (Murcia) del primer Campeonato de Espa\u00f1a de Media Marat\u00f3n de Marcha. En esta cita inaugural, Diego Garc\u00eda Carrera y Ant\u00eda Chamosa se proclamaron campeones de Espa\u00f1a tras imponerse con autoridad en dos pruebas de&hellip;<\/p>","protected":false},"author":1,"featured_media":7281,"comment_status":"closed","ping_status":"open","sticky":false,"template":"","format":"standard","meta":{"footnotes":""},"categories":[5],"tags":[],"class_list":["post-7280","post","type-post","status-publish","format-standard","has-post-thumbnail","hentry","category-portada"],"_links":{"self":[{"href":"https:\/\/madridmarcha.com\/en\/wp-json\/wp\/v2\/posts\/7280","targetHints":{"allow":["GET"]}}],"collection":[{"href":"https:\/\/madridmarcha.com\/en\/wp-json\/wp\/v2\/posts"}],"about":[{"href":"https:\/\/madridmarcha.com\/en\/wp-json\/wp\/v2\/types\/post"}],"author":[{"embeddable":true,"href":"https:\/\/madridmarcha.com\/en\/wp-json\/wp\/v2\/users\/1"}],"replies":[{"embeddable":true,"href":"https:\/\/madridmarcha.com\/en\/wp-json\/wp\/v2\/comments?post=7280"}],"version-history":[{"count":2,"href":"https:\/\/madridmarcha.com\/en\/wp-json\/wp\/v2\/posts\/7280\/revisions"}],"predecessor-version":[{"id":7284,"href":"https:\/\/madridmarcha.com\/en\/wp-json\/wp\/v2\/posts\/7280\/revisions\/7284"}],"wp:featuredmedia":[{"embeddable":true,"href":"https:\/\/madridmarcha.com\/en\/wp-json\/wp\/v2\/media\/7281"}],"wp:attachment":[{"href":"https:\/\/madridmarcha.com\/en\/wp-json\/wp\/v2\/media?parent=7280"}],"wp:term":[{"taxonomy":"category","embeddable":true,"href":"https:\/\/madridmarcha.com\/en\/wp-json\/wp\/v2\/categories?post=7280"},{"taxonomy":"post_tag","embeddable":true,"href":"https:\/\/madridmarcha.com\/en\/wp-json\/wp\/v2\/tags?post=7280"}],"curies":[{"name":"wp","href":"https:\/\/api.w.org\/{rel}","templated":true}]}}