{"id":7267,"date":"2025-11-08T10:45:13","date_gmt":"2025-11-08T09:45:13","guid":{"rendered":"https:\/\/madridmarcha.com\/?p=7267"},"modified":"2025-11-09T13:39:57","modified_gmt":"2025-11-09T12:39:57","slug":"la-ia-lleva-al-atletismo-espanol-a-una-nueva-dimension-entrenar-y-competir-mejor-para-ganar-mas","status":"publish","type":"post","link":"https:\/\/madridmarcha.com\/en\/2025\/11\/08\/la-ia-lleva-al-atletismo-espanol-a-una-nueva-dimension-entrenar-y-competir-mejor-para-ganar-mas\/","title":{"rendered":"La IA lleva al atletismo espa\u00f1ol a &#8220;una nueva dimensi\u00f3n&#8221;: entrenar y competir mejor para ganar m\u00e1s"},"content":{"rendered":"<p>\u200bLa <strong>Real Federaci\u00f3n Espa\u00f1ola de Atletismo (RFEA) <\/strong>se ha lanzado a una carrera distinta a la que se disputa en la pista: una carrera hacia los datos, la tecnolog\u00eda y la inteligencia artificial. Bajo el nombre de <strong>IA-THLETICS<\/strong>, el organismo que preside <strong>Ra\u00fal Chapado<\/strong> ha presentado esta semana en el Polideportivo Municipal Gallur de Madrid una plataforma pionera desarrollada junto a <strong>IBM <\/strong>y su socio tecnol\u00f3gico <strong>Habber Tec<\/strong>. Una herramienta que, seg\u00fan sus impulsores, <strong>abre la puerta a un cambio profundo en la forma de preparar, entrenar y competir<\/strong> de los atletas espa\u00f1oles.<\/p>\n\n\n\n<p>No se trata de una moda pasajera ni del t\u00edpico eslogan de &#8220;transformaci\u00f3n digital&#8221; tan repetido en los \u00faltimos a\u00f1os. Hay cifras detr\u00e1s. La plataforma cuenta con una <strong>inversi\u00f3n inicial de 1,5 millones de euros<\/strong>, financiados a trav\u00e9s del Plan de Recuperaci\u00f3n, Transformaci\u00f3n y Resiliencia del Gobierno, y ya ha comenzado a operar con un grupo reducido de deportistas. El objetivo es claro y ambicioso: <strong>mejorar en torno a un 40% el rendimiento de los deportistas <\/strong>mediante la interpretaci\u00f3n avanzada de us datos biom\u00e9tricos, fisiol\u00f3gicos y t\u00e9cnicos.<\/p>\n\n\n\n<p>&#8220;Estamos entrando en <strong>una nueva dimensi\u00f3n<\/strong>&#8220;, dijo Ra\u00fal Chapado, presidente de la RFEA, durante la presentaci\u00f3n de esta plataforma. &#8220;Innovar es romper l\u00edmites y explorar nuevos territorios, y nosotros estamos ganando una medalla de oro en innovaci\u00f3n&#8221;.<\/p>\n\n\n\n<p>M\u00e1s all\u00e1 de la frase efectista, Chapado defiende la apuesta por la tecnolog\u00eda <strong>no como sustituto del entrenador<\/strong>, sino como una herramienta que ampl\u00eda sus capacidades y aporta conocimiento donde antes solo hab\u00eda intuici\u00f3n. &#8220;Transformar el dato en conocimiento y el conocimiento en rendimiento&#8221;, resume. &#8220;Esto no reemplaza el talento, sino que lo impulsa&#8221;.<\/p>\n\n\n\n<p class=\"has-medium-font-size\"><strong>El dato como punto de partida<\/strong><\/p>\n\n\n\n<p>IA-THLETICS se basa en <strong><em>watsonx.data<\/em><\/strong>, la plataforma de an\u00e1lisis de IBM dise\u00f1ada para gestionar grandes bases de datos. Y cuando se habla de atletismo, el oc\u00e9ano informativo es inmenso. Los <strong>sensores en zapatillas y tobillos<\/strong> miden presiones y \u00e1ngulos de pisada; las <strong>c\u00e1maras de alta velocidad <\/strong>registran la t\u00e9cnica de carrera; los <strong>test fisiol\u00f3gicos <\/strong>monitorizan consumo de ox\u00edgeno, lactato y fatiga; y las <strong>pruebas biomec\u00e1nicas <\/strong>permiten detectar microrroturas o desviaciones articulares antes de que se conviertan en lesi\u00f3n, como pudieron dar fe los marchadores <strong>Diego Garc\u00eda Carrera <\/strong>\u2014a su vez director t\u00e9cnico del Gran Premio Internacional Madrid Marcha\u2014 y <strong>Aldara Meil\u00e1n<\/strong>, que hicieron una demostraci\u00f3n a los presentes en Gallur.<\/p>\n\n\n\n<figure class=\"wp-block-image size-large\"><img loading=\"lazy\" decoding=\"async\" width=\"1024\" height=\"768\" src=\"https:\/\/madridmarcha.com\/wp-content\/uploads\/2025\/11\/0811-diego-aldara-1024x768.jpg\" alt=\"\" class=\"wp-image-7272\" srcset=\"https:\/\/madridmarcha.com\/wp-content\/uploads\/2025\/11\/0811-diego-aldara-1024x768.jpg 1024w, https:\/\/madridmarcha.com\/wp-content\/uploads\/2025\/11\/0811-diego-aldara-300x225.jpg 300w, https:\/\/madridmarcha.com\/wp-content\/uploads\/2025\/11\/0811-diego-aldara-768x576.jpg 768w, https:\/\/madridmarcha.com\/wp-content\/uploads\/2025\/11\/0811-diego-aldara-1536x1152.jpg 1536w, https:\/\/madridmarcha.com\/wp-content\/uploads\/2025\/11\/0811-diego-aldara-16x12.jpg 16w, https:\/\/madridmarcha.com\/wp-content\/uploads\/2025\/11\/0811-diego-aldara-370x278.jpg 370w, https:\/\/madridmarcha.com\/wp-content\/uploads\/2025\/11\/0811-diego-aldara-745x559.jpg 745w, https:\/\/madridmarcha.com\/wp-content\/uploads\/2025\/11\/0811-diego-aldara-365x274.jpg 365w, https:\/\/madridmarcha.com\/wp-content\/uploads\/2025\/11\/0811-diego-aldara.jpg 2000w\" sizes=\"auto, (max-width: 1024px) 100vw, 1024px\" \/><\/figure>\n\n\n\n<p>Hasta ahora, esa informaci\u00f3n se almacenaba en compartimentos aislados: laboratorios, centros de alto rendimiento, informes en papel, archivos personales de cada entrenador\u2026 Pero con IA-THLETICS, todos esos datos se integran en una sola interfaz y se ponen al alcance tanto de entrenadores como del propio deportista.<\/p>\n\n\n\n<p>&#8220;No hay inteligencia artificial sin datos, y la federaci\u00f3n tiene un oc\u00e9ano de datos&#8221;, explica <strong>Jacobo Garnacho<\/strong>, director de IA y Datos de IBM para Espa\u00f1a, Portugal, Grecia e Israel. &#8220;Si conseguimos dar cohesi\u00f3n a esa informaci\u00f3n, podemos generar una verdadera ventaja competitiva&#8221;.<\/p>\n\n\n\n<p>La idea es que el sistema no solo describa lo que ocurre, sino que <strong>oriente decisiones<\/strong>. Por ejemplo: si la t\u00e9cnica de zancada empieza a descomponerse a partir de cierto volumen de carga, el entrenador recibe un aviso y puede ajustar el entrenamiento en tiempo real. Si un atleta salta tres cent\u00edmetros m\u00e1s o menos que la semana anterior, la plataforma detecta el cambio y lo relaciona con la calidad del sue\u00f1o, la fuerza en gimnasio o la intensidad del trabajo previo.<\/p>\n\n\n\n<p class=\"has-medium-font-size\"><strong>Empoderar al entrenador y proteger al atleta<\/strong><\/p>\n\n\n\n<p>La palabra m\u00e1s repetida por los responsables del proyecto es <strong>&#8220;empoderamiento&#8221;<\/strong>. La tecnolog\u00eda no sustituye, sino que acompa\u00f1a. As\u00ed lo destac\u00f3 en Gallur el director deportivo de la RFEA, <strong>Josu G\u00f3mez<\/strong>: &#8220;Esto va a empoderar al entrenador y su toma de decisiones. Les permitir\u00e1 detectar patrones, anticiparse a lesiones y ajustar picos de forma. <strong>No solo se trata de ganar medallas, sino de proteger al atleta<\/strong>&#8220;.<\/p>\n\n\n\n<p>Porque si algo se ha instalado en el alto rendimiento moderno es la conciencia de los l\u00edmites f\u00edsicos. Cada a\u00f1o es m\u00e1s dif\u00edcil batir r\u00e9cords. Cada cent\u00edmetro cuenta. Cada mil\u00e9sima decide una final. En ese contexto, <strong>el dato<\/strong> <strong>puede ser la diferencia entre una clasificaci\u00f3n mundialista y un fracaso inesperado<\/strong>.<\/p>\n\n\n\n<p class=\"has-medium-font-size\"><strong>Del laboratorio a la pista\u2026 y luego a Los \u00c1ngeles 2028<\/strong><\/p>\n\n\n\n<p>La plataforma ya est\u00e1 en uso en proyectos piloto que analizan la biomec\u00e1nica de la carrera, los saltos y la pisada. <strong>En solo dos meses se han generado m\u00e1s de 7,5 millones de datos<\/strong> con un grupo reducido de atletas. La intenci\u00f3n es escalar el sistema a m\u00e1s disciplinas y extenderlo a nivel nacional. El objetivo marcado es claro y tiene fecha: <strong>los Juegos Ol\u00edmpicos de Los \u00c1ngeles 2028<\/strong>.<\/p>\n\n\n\n<figure class=\"wp-block-image size-full\"><img loading=\"lazy\" decoding=\"async\" width=\"750\" height=\"602\" src=\"https:\/\/madridmarcha.com\/wp-content\/uploads\/2025\/11\/0811-zapatilla.jpg\" alt=\"\" class=\"wp-image-7273\" srcset=\"https:\/\/madridmarcha.com\/wp-content\/uploads\/2025\/11\/0811-zapatilla.jpg 750w, https:\/\/madridmarcha.com\/wp-content\/uploads\/2025\/11\/0811-zapatilla-300x241.jpg 300w, https:\/\/madridmarcha.com\/wp-content\/uploads\/2025\/11\/0811-zapatilla-15x12.jpg 15w, https:\/\/madridmarcha.com\/wp-content\/uploads\/2025\/11\/0811-zapatilla-370x297.jpg 370w, https:\/\/madridmarcha.com\/wp-content\/uploads\/2025\/11\/0811-zapatilla-745x598.jpg 745w, https:\/\/madridmarcha.com\/wp-content\/uploads\/2025\/11\/0811-zapatilla-365x293.jpg 365w\" sizes=\"auto, (max-width: 750px) 100vw, 750px\" \/><\/figure>\n\n\n\n<p>Antes de esa cita, la Federaci\u00f3n quiere que <strong>m\u00e1s de mil entrenadores espa\u00f1oles<\/strong> \u2014desde \u00e9lite hasta base\u2014 est\u00e9n familiarizados y trabajando con la herramienta. Un detalle importante: Chapado insiste en que la plataforma <strong>no es elitista<\/strong> y no se limitar\u00e1 a la selecci\u00f3n o a los CAR. La intenci\u00f3n es democratizar la tecnolog\u00eda para que un entrenador de club, con menores recursos, tenga acceso al mismo tipo de an\u00e1lisis que uno del alto rendimiento. En definitiva, una idea ambiciosa, una apuesta estrat\u00e9gica y toda una declaraci\u00f3n de intenciones.<\/p>\n\n\n\n<p class=\"has-medium-font-size\"><strong>Una lucha m\u00e1s all\u00e1 de la pista<\/strong><\/p>\n\n\n\n<p>En un deporte donde la gloria puede depender de un cent\u00edmetro, una mil\u00e9sima o un apoyo mal colocado, la batalla por la \u00e9lite ya no se disputa \u00fanicamente en las piernas, el coraz\u00f3n y la cabeza. <strong>Tambi\u00e9n se libra en los datos<\/strong>, y Espa\u00f1a quiere ser protagonista en esa nueva carrera.<\/p>\n\n\n\n<p>&#8220;Mi entrenador, <strong>Jos\u00e9 Antonio Quintana<\/strong> \u2014uno de los preparadores de marcha m\u00e1s prestigiosos de Espa\u00f1a\u2014, sabe gestionarlo todo muy bien y decirnos las cosas cuando toca, as\u00ed que con estos dispositivos seguro que nos va a ayudar todav\u00eda m\u00e1s&#8221;, explic\u00f3 Diego Garc\u00eda Carrera a la web del <strong>GPI Madrid Marcha<\/strong>. &#8220;Gracias a IA-THLETICS el error es cada vez m\u00e1s peque\u00f1o. Al principio cuesta familiarizarse, pero como con todo, aunque enseguida te haces con ello&#8221;, explica, por su parte, Quintana.<\/p>\n\n\n\n<p>En definitiva, como dijo Ra\u00fal Chapado en la presentaci\u00f3n, &#8220;hoy es <strong>un d\u00eda hist\u00f3rico porque estamos redefiniendo la forma de entrenar, de competir y de ganar<\/strong>&#8220;. Y para ello, con IA-THLETICS como estandarte, la Federaci\u00f3n de Atletismo que preside se ha colocado en la l\u00ednea de salida. \u200b<\/p>","protected":false},"excerpt":{"rendered":"<p>\u200bLa Real Federaci\u00f3n Espa\u00f1ola de Atletismo (RFEA) se ha lanzado a una carrera distinta a la que se disputa en la pista: una carrera hacia los datos, la tecnolog\u00eda y la inteligencia artificial. Bajo el nombre de IA-THLETICS, el organismo que preside Ra\u00fal Chapado ha presentado esta semana en el Polideportivo Municipal&hellip;<\/p>","protected":false},"author":990003,"featured_media":7268,"comment_status":"closed","ping_status":"open","sticky":false,"template":"","format":"standard","meta":{"footnotes":""},"categories":[5,1],"tags":[],"class_list":["post-7267","post","type-post","status-publish","format-standard","has-post-thumbnail","hentry","category-portada","category-uncategorized"],"_links":{"self":[{"href":"https:\/\/madridmarcha.com\/en\/wp-json\/wp\/v2\/posts\/7267","targetHints":{"allow":["GET"]}}],"collection":[{"href":"https:\/\/madridmarcha.com\/en\/wp-json\/wp\/v2\/posts"}],"about":[{"href":"https:\/\/madridmarcha.com\/en\/wp-json\/wp\/v2\/types\/post"}],"author":[{"embeddable":true,"href":"https:\/\/madridmarcha.com\/en\/wp-json\/wp\/v2\/users\/990003"}],"replies":[{"embeddable":true,"href":"https:\/\/madridmarcha.com\/en\/wp-json\/wp\/v2\/comments?post=7267"}],"version-history":[{"count":5,"href":"https:\/\/madridmarcha.com\/en\/wp-json\/wp\/v2\/posts\/7267\/revisions"}],"predecessor-version":[{"id":7276,"href":"https:\/\/madridmarcha.com\/en\/wp-json\/wp\/v2\/posts\/7267\/revisions\/7276"}],"wp:featuredmedia":[{"embeddable":true,"href":"https:\/\/madridmarcha.com\/en\/wp-json\/wp\/v2\/media\/7268"}],"wp:attachment":[{"href":"https:\/\/madridmarcha.com\/en\/wp-json\/wp\/v2\/media?parent=7267"}],"wp:term":[{"taxonomy":"category","embeddable":true,"href":"https:\/\/madridmarcha.com\/en\/wp-json\/wp\/v2\/categories?post=7267"},{"taxonomy":"post_tag","embeddable":true,"href":"https:\/\/madridmarcha.com\/en\/wp-json\/wp\/v2\/tags?post=7267"}],"curies":[{"name":"wp","href":"https:\/\/api.w.org\/{rel}","templated":true}]}}