{"id":7178,"date":"2025-06-01T21:18:12","date_gmt":"2025-06-01T20:18:12","guid":{"rendered":"https:\/\/madridmarcha.com\/?p=7178"},"modified":"2025-06-01T22:57:53","modified_gmt":"2025-06-01T21:57:53","slug":"yamanishi-y-gonzalez-reinan-en-madrid","status":"publish","type":"post","link":"https:\/\/madridmarcha.com\/en\/2025\/06\/01\/yamanishi-y-gonzalez-reinan-en-madrid\/","title":{"rendered":"Yamanishi y Gonz\u00e1lez reinan en Madrid"},"content":{"rendered":"<p>Por Emeterio Valiente | El vigente plusmarquista mundial de 20km marcha, el nip\u00f3n <strong>Toshikazu Yamanishi<\/strong>, y la mexicana <strong>Alegna Gonz\u00e1lez<\/strong>, quinta en esa distancia en los JJOO de Par\u00eds, impusieron su autoridad este domingo en la IV edici\u00f3n del <strong>Gran Premio Internacional Madrid Marcha Silb\u00f6 Telecom<\/strong>, perteneciente al circuito de World Athletics, categor\u00eda \u2018Gold\u2019 y disputado, como ya es santo y se\u00f1a, en la ic\u00f3nica Gran V\u00eda madrile\u00f1a; justo despu\u00e9s de que <strong>Mar\u00eda Vasco<\/strong> recibiera un sentido homenaje 25 a\u00f1os despu\u00e9s de su gesta en Sydney, son\u00f3 el pistoletazo de salida, con m\u00e1s de 60 varones y f\u00e9minas de 20 nacionalidades distintas en perfecta armon\u00eda.<\/p>\n\n\n\n<p>La prueba masculina abri\u00f3 a una cadencia moderada, cubri\u00e9ndose la primera vuelta de 1.000 metros exactos en <strong>3:57, ritmo asequible para algunos de los mejores marchadores del planeta<\/strong>; desde los primeros compases, tres especialistas mexicanos, Ricardo Ortiz, Andr\u00e9s Olivas y Julio C\u00e9sar Salazar, se situaron al frente del pelot\u00f3n, mientras los favoritos, l\u00e9ase <strong>Yamanishi, Fortunato y Bonfim<\/strong>, transitaban c\u00f3modamente en posiciones secundarias; tras esa primera vuelta de reconocimiento, Ortiz, que ostenta una buena marca de 1:18:31 en 20km y el plusmarquista mexicano de 35km (2:25:08), Olivas, abrieron gas para firmar un fren\u00e9tico segundo giro en 3:48; despu\u00e9s, el ritmo se estabiliz\u00f3 en torno a 3:53\/3:54, con <strong>alguna escaramuza aislada, como la protagonizada por Bonfim en el cuarto kil\u00f3metro<\/strong>, cuando lleg\u00f3 a abrir un t\u00edmido hueco de 15m sobre el grupo de cabeza que le permiti\u00f3 alcanzar el ecuador de la prueba en cabeza con 19:25, por 19:27 de Ortiz, el japon\u00e9s Maruo Satoshi tercero (19:28) mientras Dunfee, Fortunato y Yamanishi viajaban otro segundo despu\u00e9s pero dando, sobre todo el nip\u00f3n, la sensaci\u00f3n de tener la carrera controlada; para entonces, <strong>\u00c1lvaro L\u00f3pez<\/strong> era octavo con 19:35 y el \u00eddolo de masas, <strong>Diego Garc\u00eda Carrera<\/strong>, marcaba 19:47.<\/p>\n\n\n\n<figure class=\"wp-block-image size-large\"><img loading=\"lazy\" decoding=\"async\" width=\"1024\" height=\"683\" src=\"https:\/\/madridmarcha.com\/wp-content\/uploads\/2025\/06\/homenaje-mariavasco-1024x683.jpeg\" alt=\"\" class=\"wp-image-7181\" srcset=\"https:\/\/madridmarcha.com\/wp-content\/uploads\/2025\/06\/homenaje-mariavasco-1024x683.jpeg 1024w, https:\/\/madridmarcha.com\/wp-content\/uploads\/2025\/06\/homenaje-mariavasco-300x200.jpeg 300w, https:\/\/madridmarcha.com\/wp-content\/uploads\/2025\/06\/homenaje-mariavasco-768x512.jpeg 768w, https:\/\/madridmarcha.com\/wp-content\/uploads\/2025\/06\/homenaje-mariavasco-1536x1024.jpeg 1536w, https:\/\/madridmarcha.com\/wp-content\/uploads\/2025\/06\/homenaje-mariavasco-2048x1366.jpeg 2048w, https:\/\/madridmarcha.com\/wp-content\/uploads\/2025\/06\/homenaje-mariavasco-18x12.jpeg 18w, https:\/\/madridmarcha.com\/wp-content\/uploads\/2025\/06\/homenaje-mariavasco-370x247.jpeg 370w, https:\/\/madridmarcha.com\/wp-content\/uploads\/2025\/06\/homenaje-mariavasco-745x497.jpeg 745w, https:\/\/madridmarcha.com\/wp-content\/uploads\/2025\/06\/homenaje-mariavasco-365x243.jpeg 365w\" sizes=\"auto, (max-width: 1024px) 100vw, 1024px\" \/><\/figure>\n\n\n\n<p>Poco despu\u00e9s del quinto kil\u00f3metro Bonfim fue engullido por el quinteto perseguidor, que continuaba devorando kil\u00f3metros a 3:54; fue ese ritmo sostenido el que de forma natural, sin acelerones, dej\u00f3 en cabeza a tres atletas, Ortiz, Bonfim y Yamanishi al paso por la s\u00e9ptima vuelta, decidiendo ya el p\u00f3dium a su favor, mientras Fortunato marchaba cuarto a seis segundos del tr\u00edo delantero junto a Salazar, pero con <strong>dos segundos de avance sobre Dunfee y Satoshi<\/strong>; Las tres \u00faltimas vueltas fueron vibrantes, con Bonfim descaradamente en cabeza tratando de despegar a sus contrincantes; consigui\u00f3 su objetivo al 50% pues Ortiz perdi\u00f3 comba justo antes de entrar en la \u00faltima vuelta mientras la sombra de Yamanishi continuaba siendo alargada para el brasile\u00f1o; el momento decisivo sucedi\u00f3 a falta de 700m, en plena bajada, cuando el doble campe\u00f3n del mundo de 20km asest\u00f3 el cambio de ritmo definitivo y letal, abriendo en cuesti\u00f3n de unos segundos un vasto margen sobre el subcampe\u00f3n ol\u00edmpico Bonfim quien, como en Par\u00eds, vio c\u00f3mo deb\u00eda conformarse con la segunda plaza por detr\u00e1s de un imperial Yamanishi que firm\u00f3, con 3:50, la vuelta m\u00e1s r\u00e1pida de la matinal para retener su t\u00edtulo del pasado a\u00f1o de manera m\u00e1s que convincente en 38:50 y cinco segundos de avance sobre Bonfim, que no vio peligrar su segundo puesto, distanciando en cuatro segundos a Ortiz en meta; dos pesos pesados como Fortunato y Dunfee, ef\u00edmero plusmarquista mundial de 35km esta temporada, fueron cuarto y quinto y \u00c1lvaro L\u00f3pez ascendi\u00f3 hasta la sexta posici\u00f3n con marca personal de 39:32, mientras el director deportivo Diego Garc\u00eda se ubicaba 13\u00ba y m\u00e1s aplaudido en meta con 40:28, crono nada desde\u00f1able dada su falta de ritmo de competici\u00f3n esta temporada. El simp\u00e1tico y locuaz Yamanishi declar\u00f3: \u201cEstoy en buena forma y he podido repetir el triunfo; estar\u00e9 el s\u00e1bado en Cantones y<strong> ya no competir\u00e9 m\u00e1s hasta el Mundial de Tokio<\/strong>\u201d.<\/p>\n\n\n\n<p><strong>Gonzalez vence de b\u00f3bilis<\/strong><\/p>\n\n\n\n<figure class=\"wp-block-image size-large\"><img loading=\"lazy\" decoding=\"async\" width=\"1024\" height=\"683\" src=\"https:\/\/madridmarcha.com\/wp-content\/uploads\/2025\/06\/alegna-1024x683.jpeg\" alt=\"\" class=\"wp-image-7182\" srcset=\"https:\/\/madridmarcha.com\/wp-content\/uploads\/2025\/06\/alegna-1024x683.jpeg 1024w, https:\/\/madridmarcha.com\/wp-content\/uploads\/2025\/06\/alegna-300x200.jpeg 300w, https:\/\/madridmarcha.com\/wp-content\/uploads\/2025\/06\/alegna-768x512.jpeg 768w, https:\/\/madridmarcha.com\/wp-content\/uploads\/2025\/06\/alegna-1536x1025.jpeg 1536w, https:\/\/madridmarcha.com\/wp-content\/uploads\/2025\/06\/alegna-18x12.jpeg 18w, https:\/\/madridmarcha.com\/wp-content\/uploads\/2025\/06\/alegna-370x247.jpeg 370w, https:\/\/madridmarcha.com\/wp-content\/uploads\/2025\/06\/alegna-745x497.jpeg 745w, https:\/\/madridmarcha.com\/wp-content\/uploads\/2025\/06\/alegna-365x243.jpeg 365w, https:\/\/madridmarcha.com\/wp-content\/uploads\/2025\/06\/alegna.jpeg 2000w\" sizes=\"auto, (max-width: 1024px) 100vw, 1024px\" \/><\/figure>\n\n\n\n<p>De forma similar a lo acontecido en la prueba masculina, las mujeres contemporizaron en la primera vuelta, llamando poderosamente la atenci\u00f3n el dominio del contingente mexicano, encarnado por Alegna Gonz\u00e1lez e <strong>Ilse Guerrero<\/strong> y de la peruana <strong>Evelyn Inga<\/strong>, mientras solo una china, <strong>Li Peng<\/strong>, se dejaba ver en las posiciones de vanguardia; si bien el ritmo era oscilante &#8211; 4:24\/4:16\/4:22 y 4:27- para las primeras cuatro vueltas &#8211; la estampa era invariable, con Peng al frente, las mexicanas pegadas a ella e Inga un paso por detr\u00e1s; fue en la quinta vuelta cuando Gonz\u00e1lez decidi\u00f3 tensar la cuerda, alcanzando en 21:44 la mitad del evento y ya solo con Peng por compa\u00f1\u00eda al ceder Inga dos segundos; solo necesit\u00f3 la mexicana otro circuito en 4:16 para desembarazarse definitivamente de la asi\u00e1tica y decidir la prueba a su favor antes del sexto kil\u00f3metro, mientras Inga hab\u00eda capturado a Peng; <strong>el martillo de Gonz\u00e1lez sigui\u00f3 golpeando dos vueltas m\u00e1s<\/strong>, 4:13 y 4:15, para abrir un oc\u00e9ano sobre sus lejanas perseguidoras; Peng e Inga libraron una bonita batalla en pos del segundo caj\u00f3n del p\u00f3dium, siendo la peruana quien tom\u00f3 unos metros de ventaja, antes del toque de campana, que resultaron decisivos; en meta, Gonz\u00e1lez, que ralentiz\u00f3 inteligentemente su ritmo en las dos vueltas postreras (4:19 ambas) marc\u00f3 43:06, nada menos que 45 segundos menos que Inga, para batir por un segundo el r\u00e9cord de la prueba de<strong> Qieyang Shenjie <\/strong>desde el inaugural 2022, completando Peng el caj\u00f3n cuatro segundos despu\u00e9s. menci\u00f3n especial\u00edsima para Ant\u00eda Chamosa quien se hallaba fuera de las diez primeras tras las tres primeras vueltas; con un ritmo uniforme entre 4:24 y 4:26 fue paulatinamente superando a rivales, de tal suerte que ya era octava en el ecuador con 22:05; en la segunda mitad continu\u00f3 con su caza de b\u00edpedas, quinta en el octavo kil\u00f3metro, superando en la pen\u00faltima vuelta a Guerrero para terminar en una fant\u00e1stica cuarta posici\u00f3n con 44:17.<\/p>\n\n\n\n<p>La radiante vencedora, que ha finalizado quinta en los dos \u00faltimos JJOO (Tokio y Par\u00eds) y en el Mundial de Budapest, coment\u00f3 que &#8220;me he encontrado muy bien a pesar de que tuve un desgarro en el abdomen y estuve seis semanas sin poder entrenar bien; competir\u00e9 el pr\u00f3ximo s\u00e1bado en La Coru\u00f1a y seguramente debute en los 35km en julio en Irlanda, para intentar competir en las dos pruebas en el Mundial de Tokio\u201d. Hasta aqu\u00ed la cuarta edici\u00f3n de Madrid Marcha y ya se sabe que&#8230; <strong>\u00a1no hay quinto malo!<\/strong><\/p>\n\n\n\n<ul class=\"wp-block-list\">\n<li><em>Emeterio Valiente es corresponsal de World Athletics en Espa\u00f1a<\/em><\/li>\n<\/ul>\n\n\n\n<p>Fotos: \u00c1ngel Rivas<\/p>","protected":false},"excerpt":{"rendered":"<p>Por Emeterio Valiente | El vigente plusmarquista mundial de 20km marcha, el nip\u00f3n Toshikazu Yamanishi, y la mexicana Alegna Gonz\u00e1lez, quinta en esa distancia en los JJOO de Par\u00eds, impusieron su autoridad este domingo en la IV edici\u00f3n del Gran Premio Internacional Madrid Marcha Silb\u00f6 Telecom, perteneciente al circuito de World Athletics,&hellip;<\/p>","protected":false},"author":990003,"featured_media":7166,"comment_status":"closed","ping_status":"open","sticky":false,"template":"","format":"standard","meta":{"footnotes":""},"categories":[5,1],"tags":[],"class_list":["post-7178","post","type-post","status-publish","format-standard","has-post-thumbnail","hentry","category-portada","category-uncategorized"],"_links":{"self":[{"href":"https:\/\/madridmarcha.com\/en\/wp-json\/wp\/v2\/posts\/7178","targetHints":{"allow":["GET"]}}],"collection":[{"href":"https:\/\/madridmarcha.com\/en\/wp-json\/wp\/v2\/posts"}],"about":[{"href":"https:\/\/madridmarcha.com\/en\/wp-json\/wp\/v2\/types\/post"}],"author":[{"embeddable":true,"href":"https:\/\/madridmarcha.com\/en\/wp-json\/wp\/v2\/users\/990003"}],"replies":[{"embeddable":true,"href":"https:\/\/madridmarcha.com\/en\/wp-json\/wp\/v2\/comments?post=7178"}],"version-history":[{"count":4,"href":"https:\/\/madridmarcha.com\/en\/wp-json\/wp\/v2\/posts\/7178\/revisions"}],"predecessor-version":[{"id":7186,"href":"https:\/\/madridmarcha.com\/en\/wp-json\/wp\/v2\/posts\/7178\/revisions\/7186"}],"wp:featuredmedia":[{"embeddable":true,"href":"https:\/\/madridmarcha.com\/en\/wp-json\/wp\/v2\/media\/7166"}],"wp:attachment":[{"href":"https:\/\/madridmarcha.com\/en\/wp-json\/wp\/v2\/media?parent=7178"}],"wp:term":[{"taxonomy":"category","embeddable":true,"href":"https:\/\/madridmarcha.com\/en\/wp-json\/wp\/v2\/categories?post=7178"},{"taxonomy":"post_tag","embeddable":true,"href":"https:\/\/madridmarcha.com\/en\/wp-json\/wp\/v2\/tags?post=7178"}],"curies":[{"name":"wp","href":"https:\/\/api.w.org\/{rel}","templated":true}]}}