{"id":7164,"date":"2025-06-01T15:17:54","date_gmt":"2025-06-01T14:17:54","guid":{"rendered":"https:\/\/madridmarcha.com\/?p=7164"},"modified":"2025-06-01T15:19:42","modified_gmt":"2025-06-01T14:19:42","slug":"yamanishi-repite-triunfo-y-alegna-gonzalez-se-estrena-en-el-gran-premio-internacional-madrid-marcha-silbo-telecom","status":"publish","type":"post","link":"https:\/\/madridmarcha.com\/en\/2025\/06\/01\/yamanishi-repite-triunfo-y-alegna-gonzalez-se-estrena-en-el-gran-premio-internacional-madrid-marcha-silbo-telecom\/","title":{"rendered":"Yamanishi repite triunfo y Alegna Gonz\u00e1lez se estrena en el Gran Premio Internacional Madrid Marcha Silb\u00f6 Telecom"},"content":{"rendered":"<p>El japon\u00e9s <strong>Toshikazu Yamanishi<\/strong> y la mexicana <strong>Alegna Gonz\u00e1lez <\/strong>han ganado hoy el <strong>IV Gran Premio Internacional Madrid Marcha Silb\u00f6 Telecom<\/strong>, prueba del circuito Gold del circuito mundial de marcha (World Athletics Race Walking Tour), sobre un recorrido de 10 kil\u00f3metros, que se ha desarrollado en el circuito urbano homologado de 1km en la Gran V\u00eda madrile\u00f1a, entre la Plaza de Callao y el edificio de Telef\u00f3nica, con salida y meta en el hotel Vincci Capitol.<\/p>\n\n\n\n<p>Se trata del segundo triunfo consecutivo del nip\u00f3n, plusmarquista mundial de 20km marcha&nbsp;que ya gan\u00f3 el a\u00f1o pasado en este mismo escenario. Yamanishi ha conquistado la Gran V\u00eda con un registro espectacular de 38:50, subiendo a lo m\u00e1s alto del podio junto al brasile\u00f1o <strong>Caio Bonfim<\/strong> (38:55) y el mexicano <strong>Ricardo Ortiz<\/strong> (38:59), de un total de m\u00e1s de 60 participantes, entre hombres y mujeres, en la prueba absoluta.<\/p>\n\n\n\n<p>Los mejores espa\u00f1oles en categor\u00eda masculina han sido <strong>\u00c1lvaro L\u00f3pez<\/strong>, sexto con un registro de 39:32, y <strong>Diego Garc\u00eda Carrera<\/strong>, decimotercero con 40:28.<\/p>\n\n\n\n<figure class=\"wp-block-image size-large\"><img loading=\"lazy\" decoding=\"async\" width=\"1024\" height=\"683\" src=\"https:\/\/madridmarcha.com\/wp-content\/uploads\/2025\/06\/ARH_5171-1024x683.jpeg\" alt=\"\" class=\"wp-image-7166\" srcset=\"https:\/\/madridmarcha.com\/wp-content\/uploads\/2025\/06\/ARH_5171-1024x683.jpeg 1024w, https:\/\/madridmarcha.com\/wp-content\/uploads\/2025\/06\/ARH_5171-300x200.jpeg 300w, https:\/\/madridmarcha.com\/wp-content\/uploads\/2025\/06\/ARH_5171-768x512.jpeg 768w, https:\/\/madridmarcha.com\/wp-content\/uploads\/2025\/06\/ARH_5171-1536x1025.jpeg 1536w, https:\/\/madridmarcha.com\/wp-content\/uploads\/2025\/06\/ARH_5171-18x12.jpeg 18w, https:\/\/madridmarcha.com\/wp-content\/uploads\/2025\/06\/ARH_5171-370x247.jpeg 370w, https:\/\/madridmarcha.com\/wp-content\/uploads\/2025\/06\/ARH_5171-745x497.jpeg 745w, https:\/\/madridmarcha.com\/wp-content\/uploads\/2025\/06\/ARH_5171-365x243.jpeg 365w, https:\/\/madridmarcha.com\/wp-content\/uploads\/2025\/06\/ARH_5171.jpeg 2000w\" sizes=\"auto, (max-width: 1024px) 100vw, 1024px\" \/><\/figure>\n\n\n\n<p>\u201cHa sido una carrera muy dura para m\u00ed y creo que para todos en general, pero l\u00f3gicamente estoy muy contento por repetir triunfo en un lugar tan fant\u00e1stico como es Madrid. Quiero estar lo m\u00e1s arriba posible en todas las competiciones. Ser\u00eda genial lograr un tercer triunfo consecutivo en Madrid, pero de momento sigo centrado en Espa\u00f1a y ya veremos qu\u00e9 ocurre la semana que viene en La Coru\u00f1a (en el Gran Premio Cantones)\u201d, ha asegurado Yamanishi en declaraciones a la organizaci\u00f3n del Gran Premio Internacional Madrid Marcha Silb\u00f6 Telecom.<\/p>\n\n\n\n<p>Esta cuarta edici\u00f3n de la prueba, cuya organizaci\u00f3n corre a cargo del propio Diego Garc\u00eda Carrera -que ejerce de director deportivo de la misma- junto con la empresa G2O Publisport -liderada por <strong>Gerardo Gonz\u00e1lez<\/strong>-, ha contado con otros participantes de lujo como el italiano <strong>Francesco Fortunato<\/strong> (cuarto con 39:06), el canadiense <strong>Evan Dunfee<\/strong> (quinto con 39:22) o el australiano <strong>Declan Tingay<\/strong> (octavo con 39:53), entre otras de las principales estrellas de la marcha atl\u00e9tica a nivel mundial.<\/p>\n\n\n\n<p><strong>Primera victoria de Alegna en Madrid<\/strong><\/p>\n\n\n\n<p>En el apartado femenino, la victoria ha sido para la mexicana <strong>Alegna Gonz\u00e1lez<\/strong> (43:06), por delante de la peruana <strong>Evelyn Inga<\/strong> (43:51) y la china <strong>Li Peng<\/strong> (43:55). A las puertas del podio se ha quedado <strong>Ant\u00eda Chamosa<\/strong>, que ha sido la mejor espa\u00f1ola al acabar cuarta con un registro de 44:17. Otras espa\u00f1olas destacadas han sido <strong>Raquel Gonz\u00e1lez Campos<\/strong> (decimotercera con 45:26) y <strong>Alicia S\u00e1nchez<\/strong> (decimonovena con 46:28).<\/p>\n\n\n\n<p>\u201cMadrid Marcha es una de mis competiciones favoritas y poder ganar aqu\u00ed, ante un p\u00fablico tan entusiasta, es todo un orgullo. Es un circuito duro, pero siempre venimos aqu\u00ed para quedar lo m\u00e1s arriba posible\u201d, ha explicado Alegna Gonz\u00e1lez tras una prueba que, de cara a esta cuarta edici\u00f3n, ha contado con importantes novedades como la <strong>inclusi\u00f3n de una cuarta carrera<\/strong> -de categor\u00eda abierta para marchadores amateurs, siempre que est\u00e9n federados y que por ranking se hayan quedado fuera del World Race Walking Tour-, el <strong>aumento de los premios econ\u00f3micos<\/strong> (un 8%) y, sobre todo, la <strong>implementaci\u00f3n a nivel mundial del llamado \u2018VAR de la marcha\u2019<\/strong>.<\/p>\n\n\n\n<p>En concreto se trata de un dispositivo llamado RWECS (siglas de Race Walking Electronic Control System), basado en una serie de sensores, que pesa menos de 15 gramos y es poco mayor que una moneda de 1 euro, y se ata a los cordones de las zapatillas. \u201cTodo ha salido como esper\u00e1bamos, en l\u00edneas generales ha estado bastante bien\u201d, ha dicho tras la prueba <strong>Javier Rosell<\/strong>, ingeniero de telecomunicaciones del Departamento de Ingenier\u00eda Electr\u00f3nica&nbsp;de&nbsp;la&nbsp;Universidad Polit\u00e9cnica de Catalu\u00f1a (UPC), que es la persona que se ha encargado de liderar este proyecto del \u2018VAR de la marcha\u2019.<strong><\/strong><\/p>\n\n\n\n<p><strong>Homenaje a Mar\u00eda Vasco<\/strong><\/p>\n\n\n\n<p>Asimismo, en esta cuarta edici\u00f3n de Madrid -prueba en la que Silb\u00f6 Telecom repite como <em>title sponsor<\/em>, adem\u00e1s de tener el apoyo institucional de la <strong>Comunidad de Madrid<\/strong> y el <strong>Ayuntamiento de Madrid<\/strong>, y patrocinadores de la talla de Skechers, Grand Class y Jaecoo Gamboa, entre otros-, se ha rendido un merecido homenaje a <strong>Mar\u00eda Vasco<\/strong>, primera atleta espa\u00f1ola que conquist\u00f3 una medalla ol\u00edmpica, en el 25 aniversario del hist\u00f3rico bronce que logr\u00f3 en 20km marcha en Sydney 2000.<\/p>\n\n\n\n<figure class=\"wp-block-image size-large\"><img loading=\"lazy\" decoding=\"async\" width=\"1024\" height=\"683\" src=\"https:\/\/madridmarcha.com\/wp-content\/uploads\/2025\/06\/ARH_4121-1024x683.jpeg\" alt=\"\" class=\"wp-image-7167\" srcset=\"https:\/\/madridmarcha.com\/wp-content\/uploads\/2025\/06\/ARH_4121-1024x683.jpeg 1024w, https:\/\/madridmarcha.com\/wp-content\/uploads\/2025\/06\/ARH_4121-300x200.jpeg 300w, https:\/\/madridmarcha.com\/wp-content\/uploads\/2025\/06\/ARH_4121-768x512.jpeg 768w, https:\/\/madridmarcha.com\/wp-content\/uploads\/2025\/06\/ARH_4121-1536x1025.jpeg 1536w, https:\/\/madridmarcha.com\/wp-content\/uploads\/2025\/06\/ARH_4121-18x12.jpeg 18w, https:\/\/madridmarcha.com\/wp-content\/uploads\/2025\/06\/ARH_4121-370x247.jpeg 370w, https:\/\/madridmarcha.com\/wp-content\/uploads\/2025\/06\/ARH_4121-745x497.jpeg 745w, https:\/\/madridmarcha.com\/wp-content\/uploads\/2025\/06\/ARH_4121-365x243.jpeg 365w, https:\/\/madridmarcha.com\/wp-content\/uploads\/2025\/06\/ARH_4121.jpeg 2000w\" sizes=\"auto, (max-width: 1024px) 100vw, 1024px\" \/><\/figure>\n\n\n\n<p>Despu\u00e9s de recibir una placa por parte de la organizaci\u00f3n y de dar el pistoletazo de salida a la carrera absoluta, Mar\u00eda explicaba a los medios que han cubierto el evento que \u201ces un orgullo tanto que se me rinda este homenaje, en un escenario como la Gran V\u00eda, como el hecho de poder acercar al p\u00fablico general la marcha atl\u00e9tica, que llevo en mis venas. Estoy s\u00faper emocionada por todo lo que esto conlleva: <strong>se siguen acordando de m\u00ed 25 a\u00f1os despu\u00e9s<\/strong>. Siempre estoy pendiente de todo lo que hacen los marchadores espa\u00f1oles\u201d, explica la catalana, afincada en Menorca.<\/p>\n\n\n\n<p>\u201cHace doce a\u00f1os que me retir\u00e9, pero he tenido el privilegio de ser una referente, de marcar el camino a estas nuevas generaciones y de ser la primera atleta espa\u00f1ola que gan\u00f3 una medalla ol\u00edmpica, as\u00ed que eso ya no me lo puede quitar nadie\u201d, ha a\u00f1adido Vasco.<\/p>\n\n\n\n<p>Adem\u00e1s de la prueba absoluta, este IV Gran Premio Internacional Finetwork Madrid Marcha Silb\u00f6 Telecom ha contado con la disputa, minutos antes, de varias carreras, que han contado con los siguientes vencedores: Daniel de Lucas (5k, open masculino), Virginia Mart\u00edn Abarquero (5k, open femenino), Dar\u00edo Santos de Santos (5k, sub-20 masculino), Liping Pang (5k, sub-20 femenino), Marcos Ruiz P\u00e9rez (3k, sub-16 masculino), Ana Gonz\u00e1lez Est\u00e9vez (3k, sub-16 femenino), Gabriel Moreno Ram\u00edrez (3k, sub-14 masculino), Daniela L\u00f3pez Urbano (3k, sub-14 femenino), Nico Sancho S\u00e1nchez (2k, sub-12 femenino) y Claudia Puente Haya (2k, sub-12 femenino).<\/p>\n\n\n\n<p><strong>Autoridades en la Gran V\u00eda<\/strong><\/p>\n\n\n\n<p>Entregando las medallas en el podio de premiaci\u00f3n, en el Cine Capitol, se encontraban el subdirector general de Gesti\u00f3n Deportiva de la Comunidad de Madrid (CAM), <strong>Antonio Guerrero<\/strong>; el director general de Deporte del \u00c1rea de Gobierno de Cultura, Turismo y Deporte del Ayuntamiento de Madrid, <strong>Gregorio Ram\u00edrez Arias<\/strong>; el director de Marketing de Silb\u00f6 Telecom, <strong>Gorka Au\u00f1\u00f3n<\/strong>; el director de Competici\u00f3n de la Real Federaci\u00f3n Espa\u00f1ola de Atletismo (RFEA), <strong>Luis Saladi\u00e9<\/strong>; y la propia <strong>Mar\u00eda Vasco<\/strong>.<\/p>\n\n\n\n<p>Seg\u00fan datos de la organizaci\u00f3n, unos 11.000 espectadores han acudido este soleado y caluroso domingo a la Gran V\u00eda madrile\u00f1a para presenciar este <strong>IV Gran Premio Internacional Madrid Madrid Silb\u00f6 Telecom<\/strong>, en una prueba que ha sido emitida en directo por La Otra de Telemadrid y el canal de la Real Federaci\u00f3n Espa\u00f1ola de Atletismo, de forma gratuita y en abierto para todo el mundo.<\/p>\n\n\n\n<p><em>Fotos: \u00c1ngel Rivas<\/em><\/p>","protected":false},"excerpt":{"rendered":"<p>El japon\u00e9s Toshikazu Yamanishi y la mexicana Alegna Gonz\u00e1lez han ganado hoy el IV Gran Premio Internacional Madrid Marcha Silb\u00f6 Telecom, prueba del circuito Gold del circuito mundial de marcha (World Athletics Race Walking Tour), sobre un recorrido de 10 kil\u00f3metros, que se ha desarrollado en el circuito urbano homologado de 1km&hellip;<\/p>","protected":false},"author":990003,"featured_media":7169,"comment_status":"closed","ping_status":"open","sticky":false,"template":"","format":"standard","meta":{"footnotes":""},"categories":[5,1],"tags":[],"class_list":["post-7164","post","type-post","status-publish","format-standard","has-post-thumbnail","hentry","category-portada","category-uncategorized"],"_links":{"self":[{"href":"https:\/\/madridmarcha.com\/en\/wp-json\/wp\/v2\/posts\/7164","targetHints":{"allow":["GET"]}}],"collection":[{"href":"https:\/\/madridmarcha.com\/en\/wp-json\/wp\/v2\/posts"}],"about":[{"href":"https:\/\/madridmarcha.com\/en\/wp-json\/wp\/v2\/types\/post"}],"author":[{"embeddable":true,"href":"https:\/\/madridmarcha.com\/en\/wp-json\/wp\/v2\/users\/990003"}],"replies":[{"embeddable":true,"href":"https:\/\/madridmarcha.com\/en\/wp-json\/wp\/v2\/comments?post=7164"}],"version-history":[{"count":3,"href":"https:\/\/madridmarcha.com\/en\/wp-json\/wp\/v2\/posts\/7164\/revisions"}],"predecessor-version":[{"id":7171,"href":"https:\/\/madridmarcha.com\/en\/wp-json\/wp\/v2\/posts\/7164\/revisions\/7171"}],"wp:featuredmedia":[{"embeddable":true,"href":"https:\/\/madridmarcha.com\/en\/wp-json\/wp\/v2\/media\/7169"}],"wp:attachment":[{"href":"https:\/\/madridmarcha.com\/en\/wp-json\/wp\/v2\/media?parent=7164"}],"wp:term":[{"taxonomy":"category","embeddable":true,"href":"https:\/\/madridmarcha.com\/en\/wp-json\/wp\/v2\/categories?post=7164"},{"taxonomy":"post_tag","embeddable":true,"href":"https:\/\/madridmarcha.com\/en\/wp-json\/wp\/v2\/tags?post=7164"}],"curies":[{"name":"wp","href":"https:\/\/api.w.org\/{rel}","templated":true}]}}