{"id":7138,"date":"2025-05-30T21:47:10","date_gmt":"2025-05-30T20:47:10","guid":{"rendered":"https:\/\/madridmarcha.com\/?p=7138"},"modified":"2025-05-30T21:47:59","modified_gmt":"2025-05-30T20:47:59","slug":"jorge-moran-ceo-de-silbo-telecom-madrid-marcha-es-un-referente-en-atletismo-uno-de-los-eventos-mas-atractivos","status":"publish","type":"post","link":"https:\/\/madridmarcha.com\/en\/2025\/05\/30\/jorge-moran-ceo-de-silbo-telecom-madrid-marcha-es-un-referente-en-atletismo-uno-de-los-eventos-mas-atractivos\/","title":{"rendered":"Jorge Mor\u00e1n, CEO de Silb\u00f6 Telecom: &#8220;Madrid Marcha es un referente en atletismo, uno de los eventos m\u00e1s atractivos&#8221;"},"content":{"rendered":"<p>The <strong>Gran Premio Internacional Madrid Marcha Silb\u00f6 Telecom<\/strong> se prepara para su cuarta edici\u00f3n. La prueba, de categor\u00eda Gold del circuito mundial de marcha (World Race Walking Tour), se disputar\u00e1 el <strong>domingo 1 de junio en la Gran V\u00eda madrile\u00f1a<\/strong>: en esta ocasi\u00f3n habr\u00e1 importantes novedades como la inclusi\u00f3n de una cuarta carrera, el aumento de los premios econ\u00f3micos (un 8%) y, sobre todo, la implementaci\u00f3n a nivel mundial del llamado \u2018VAR de la marcha\u2019.<\/p>\n\n\n\n<p>Silb\u00f6 Telecom <strong>repite por segundo a\u00f1o consecutivo como <em>title sponsor<\/em> de la prueba<\/strong>, que fue presentada el pasado lunes 12 de mayo en el imponente Campus UAX Business &amp; Tech de la Universidad Alfonso X El Sabio (UAX) -un edificio situado en el madrile\u00f1o barrio de Chamber\u00ed, que es considerado \u2018la cuna del saber\u2019 por ser puntero en tecnolog\u00eda y negocio-.<\/p>\n\n\n\n<p>En la presentaci\u00f3n estuvo presente el CEO de Silb\u00f6 Telecom, <strong>Jorge Mor\u00e1n<\/strong>, un apasionado del deporte que se muestra \u201cencantado de la alianza con Madrid Marcha\u201d. As\u00ed lo reconoce el propio Mor\u00e1n en una entrevista al gabinete de comunicaci\u00f3n de la prueba, que est\u00e1 organizada por la empresa G2O Publisport -que lidera <strong>Gerardo Gonz\u00e1lez<\/strong>&#8211; junto con el atleta <strong>Diego Garc\u00eda Carrera<\/strong>, marchador con gran bagaje internacional y figura clave del evento, en su doble papel de competidor y organizador.<\/p>\n\n\n\n<p>\u201cNotamos c\u00f3mo esta prueba va creciendo tanto en inter\u00e9s como en condiciones y se est\u00e1 convirtiendo, si no lo es ya, en todo un referente en el mundo del atletismo, adem\u00e1s de ser uno de los eventos deportivos m\u00e1s vistosos y atractivos que se celebran en la ciudad de Madrid. La verdad es que no nos sorprende viendo la profesionalidad y el cari\u00f1o que ponen los organizadores de la prueba, por lo que <strong>es l\u00f3gico el crecimiento y el \u00e9xito que van logrando<\/strong>\u201d, explica el CEO de una compa\u00f1\u00eda que vio la luz hace poco m\u00e1s de un a\u00f1o y que aspira a convertirse en el mayor Operador M\u00f3vil Virtual (OMV) de Espa\u00f1a en los pr\u00f3ximos a\u00f1os.<\/p>\n\n\n\n<p>&nbsp;Y es que el nombre de Silb\u00f6 Telecom va ligado al deporte como patrocinador no solo de Madrid Marcha, sino de otras entidades como la selecci\u00f3n espa\u00f1ola de f\u00fatbol, el C\u00e1diz CF, la UD Levante y el San Pablo Burgos, entre otros. \u00bfPor qu\u00e9 esta apuesta clara por el deporte?<\/p>\n\n\n\n<p>Lo explica Jorge Mor\u00e1n: \u201cHay dos motivos fundamentales: el primero es que somos una empresa de reciente creaci\u00f3n y necesitamos apoyarnos en los patrocinios para conseguir un conocimiento de marca que nos ayude <strong>alcanzar los objetivos comerciales de la compa\u00f1\u00eda<\/strong>. Es verdad que esto se puede hacer tambi\u00e9n, por ejemplo, colaborando con un programa de televisi\u00f3n o con una serie de moda, pero, y aqu\u00ed viene el segundo motivo, en Silb\u00f6 Telecom nos encantan los valores del deporte y nos gusta que se asocien a nuestra marca. La <strong>cultura del esfuerzo, del sacrificio diario, del trabajo y el entrenamiento <\/strong>para la alta competici\u00f3n son valores que encajan en nuestra filosof\u00eda de empresa, y es por ello que nos hemos acercado y colaboramos con el mundo del deporte\u201d.<\/p>\n\n\n\n<p>De momento en Silb\u00f6 Telecom no tienen previsto m\u00e1s patrocinios deportivos a corto-medio plazo, como destaca Mor\u00e1n, un conocido&nbsp;directivo del sector de las telecomunicaciones en Espa\u00f1a. \u201cEn este primer a\u00f1o de vida de Silb\u00f6, para nosotros era importante <strong>echar toda la carne en el asador<\/strong> y tratar de poner la compa\u00f1\u00eda en la mente del consumidor. Conforme vayamos consiguiendo ese reconocimiento de marca, iremos analizando la situaci\u00f3n y dedicando los esfuerzos hacia otros aspectos que tienen que ver con el crecimiento de la compa\u00f1\u00eda. Esto no quiere decir que no vayamos a estar en patrocinios, sino que quiere decir que no tenemos en nuestra hoja de ruta ampliarlos. Por supuesto, lo que s\u00ed esperamos es que podamos seguir siendo socios de Madrid Marcha muchas ediciones m\u00e1s\u201d, se\u00f1ala.<\/p>\n\n\n\n<p>Respecto a los propios objetivos de la compa\u00f1\u00eda, Jorge Mor\u00e1n es claro: \u201cLas empresas tratamos de medir y analizar todo, y mucho m\u00e1s los resultados. Y s\u00ed: podemos decir que vamos cumpliendo con los objetivos y la hoja de ruta marcados. No es f\u00e1cil confirmar esto porque nos movemos en <strong>un entorno y un mercado muy competitivo, lleno de rivales dif\u00edciles y experimentados<\/strong>, pero de la misma manera que ocurre en el deporte de \u00e9lite y en la alta competici\u00f3n, en este primer a\u00f1o hemos trabajado duro, hemos entrenado bien y hemos salido al mercado a competir\u201d.<\/p>\n\n\n\n<p>\u201cCon los datos en la mano, podemos decir orgullosos que <strong>hemos cumplido los objetivos marcados<\/strong>\u201d, finaliz\u00f3 el directivo en la entrevista al gabinete de comunicaci\u00f3n del GP Internacional Madrid Marcha Silb\u00f6 Telecom.<\/p>\n\n\n\n<p><em>Foto: Silb\u00f6 Telecom<\/em><\/p>","protected":false},"excerpt":{"rendered":"<p>El Gran Premio Internacional Madrid Marcha Silb\u00f6 Telecom se prepara para su cuarta edici\u00f3n. La prueba, de categor\u00eda Gold del circuito mundial de marcha (World Race Walking Tour), se disputar\u00e1 el domingo 1 de junio en la Gran V\u00eda madrile\u00f1a: en esta ocasi\u00f3n habr\u00e1 importantes novedades como la inclusi\u00f3n de una cuarta&hellip;<\/p>","protected":false},"author":990003,"featured_media":7140,"comment_status":"closed","ping_status":"open","sticky":false,"template":"","format":"standard","meta":{"footnotes":""},"categories":[1],"tags":[],"class_list":["post-7138","post","type-post","status-publish","format-standard","has-post-thumbnail","hentry","category-uncategorized"],"_links":{"self":[{"href":"https:\/\/madridmarcha.com\/en\/wp-json\/wp\/v2\/posts\/7138","targetHints":{"allow":["GET"]}}],"collection":[{"href":"https:\/\/madridmarcha.com\/en\/wp-json\/wp\/v2\/posts"}],"about":[{"href":"https:\/\/madridmarcha.com\/en\/wp-json\/wp\/v2\/types\/post"}],"author":[{"embeddable":true,"href":"https:\/\/madridmarcha.com\/en\/wp-json\/wp\/v2\/users\/990003"}],"replies":[{"embeddable":true,"href":"https:\/\/madridmarcha.com\/en\/wp-json\/wp\/v2\/comments?post=7138"}],"version-history":[{"count":2,"href":"https:\/\/madridmarcha.com\/en\/wp-json\/wp\/v2\/posts\/7138\/revisions"}],"predecessor-version":[{"id":7142,"href":"https:\/\/madridmarcha.com\/en\/wp-json\/wp\/v2\/posts\/7138\/revisions\/7142"}],"wp:featuredmedia":[{"embeddable":true,"href":"https:\/\/madridmarcha.com\/en\/wp-json\/wp\/v2\/media\/7140"}],"wp:attachment":[{"href":"https:\/\/madridmarcha.com\/en\/wp-json\/wp\/v2\/media?parent=7138"}],"wp:term":[{"taxonomy":"category","embeddable":true,"href":"https:\/\/madridmarcha.com\/en\/wp-json\/wp\/v2\/categories?post=7138"},{"taxonomy":"post_tag","embeddable":true,"href":"https:\/\/madridmarcha.com\/en\/wp-json\/wp\/v2\/tags?post=7138"}],"curies":[{"name":"wp","href":"https:\/\/api.w.org\/{rel}","templated":true}]}}