{"id":7133,"date":"2025-05-30T17:44:31","date_gmt":"2025-05-30T16:44:31","guid":{"rendered":"https:\/\/madridmarcha.com\/?p=7133"},"modified":"2025-05-30T21:46:39","modified_gmt":"2025-05-30T20:46:39","slug":"yamanishi-un-plusmarquista-mundial-de-marcha-por-madrid","status":"publish","type":"post","link":"https:\/\/madridmarcha.com\/en\/2025\/05\/30\/yamanishi-un-plusmarquista-mundial-de-marcha-por-madrid\/","title":{"rendered":"Yamanishi, un plusmarquista mundial de marcha por Madrid"},"content":{"rendered":"<p><em>Por Emeterio Valiente <\/em>| <\/p>\n\n\n\n<p>Cuentan las estad\u00edsticas oficiales que m\u00e1s de un 90% de los proyectos e iniciativas, ya sean deportivas o empresariales, no sobreviven tres a\u00f1os despu\u00e9s de su lanzamiento, de lo que se deduce que <strong>Madrid Marcha pertenece al \u00ednfimo porcentaje que celebra cumplea\u00f1os tras cumplea\u00f1os<\/strong>; este domingo 1 de junio tendr\u00e1 lugar la cuarta edici\u00f3n de la criatura amamantada por Gerardo Gonz\u00e1lez y su equipo y, por supuesto, se sigue encuadrando dentro de la m\u00e1xima categor\u00eda, \u2018Gold\u2019, del circuito de marcha de World Athletics.<\/p>\n\n\n\n<p>Ser\u00e1, adem\u00e1s, la edici\u00f3n m\u00e1s tecnol\u00f3gica al incorporar un sistema de control electr\u00f3nico (<strong>RWECS por sus siglas en ingl\u00e9s<\/strong>) que detectar\u00e1 la p\u00e9rdida de contacto de ambos pies del marchador con el suelo, lo que garantiza que los ganadores, no solo ser\u00e1n los m\u00e1s r\u00e1pidos, sino que deber\u00e1n exhibir una exquisita t\u00e9cnica. <\/p>\n\n\n\n<p>La primera hornada de marchadores de \u00e9lite que probar\u00e1 este novedoso sistema estar\u00e1 encabezada por <strong>Toshikazu Yamanishi<\/strong>; doble campe\u00f3n mundial de los 20km en 2019 y 2022, el japon\u00e9s decidi\u00f3 celebrar su 29\u00ba cumplea\u00f1os en febrero a la grande, batiendo en Kobe al d\u00eda siguiente nada menos que el r\u00e9cord del mundo de esa distancia, recortando unos preciosos 26 segundos a la anterior plusmarca, que se hab\u00eda mantenido inc\u00f3lume dos lustros, dejando en 1:16:10 el nuevo tope universal, lo que promedia una fren\u00e9tica cadencia de 3:48\/km; el nip\u00f3n, bronce en los JJOO de Tokio, es el vigente campe\u00f3n de Madrid Marcha al derrotar al italiano <strong>Francesco Fortunato<\/strong> hace apenas ocho meses; el medallista de bronce europeo en Roma no se ha perdido una sola edici\u00f3n de Madrid Marcha, venciendo en 2023, y ha proseguido este 2025 con su evoluci\u00f3n y, adem\u00e1s de firmar grandes prestaciones en pista, 17:55.65 y 37:34.90 sobre 5.000 y 10.000m, la primera de ellas r\u00e9cord mundial, brill\u00f3 en el reciente Campeonato de Europa por equipos al ubicarse segundo en Podebrady con marca personal de 1:18:16 y solo superado por esa majestuosa realidad que es Paul McGrath quien, lamentablemente, no estar\u00e1 en la l\u00ednea de salida por unas inoportunas molestias en el isquiotibial.<\/p>\n\n\n\n<p>Otro \u2018peso pesado\u2019 de la marcha mundial que estar\u00e1 en liza el domingo ser\u00e1 el brasile\u00f1o <strong>Caio Bonfim<\/strong> quien, cual los mejores vinos, mejora con el paso de los a\u00f1os; en la misma prueba que presenci\u00f3 el r\u00e9cord de Yamanishi, el carioca de 34 a\u00f1os bati\u00f3 su r\u00e9cord nacional con 1:17:37 apenas seis meses despu\u00e9s de proclamarse subcampe\u00f3n ol\u00edmpico de 20km en Par\u00eds, subiendo as\u00ed un pelda\u00f1o desde su bronce mundialista en Budapest 2023; lejos de ir espaciando sus apariciones con el paso del tiempo, Bonfim disputar\u00e1 en Madrid su \u00a1sexta! competici\u00f3n del a\u00f1o tras cinco incursiones en los 20km. El papel de \u2018tapado\u2019 bien lo podr\u00eda protagonizar el et\u00edope <strong>Misganaw Wakuma<\/strong>, que asombr\u00f3 a propios y extra\u00f1os en los JOO de Par\u00eds al ser 6\u00ba en 20km, arribando aqu\u00ed con un reciente registro de 1:18:32 logrado en la altitud de Addis Abeba.<\/p>\n\n\n\n<p>La armada china, como ya es costumbre, adiciona cantidad y calidad y la lista de candidatos a las posiciones nobles se antoja casi interminable, todos sus integrantes por debajo de la cota del 1:20 y estando encabezados por<strong> Qian Haifen<\/strong> y <strong>Li Chenjie<\/strong>, quienes marcaron respectivos cronos de 1:17:58 and 1:18:04 en marzo en Taicang; como la uni\u00f3n hace la fuerza, tambi\u00e9n marchar\u00e1n Zhang Jun (1:18:09) Huang Peiyang (1:18:49), Hu Xuanfei (1:18:51), Zhou Yingchen (1:19:01) y Li Lin (1:19:03). Pero todav\u00eda hay m\u00e1s; en la que probablemente sea la edici\u00f3n con m\u00e1s nivel desde la inicial 2022: figuran tambi\u00e9n inscritos el canadiense <strong>Evan Dunfee<\/strong>, que, am\u00e9n de batir el r\u00e9cord de Am\u00e9rica con 1:17:39 en Adelaida en febrero, bati\u00f3 despu\u00e9s el r\u00e9cord del mundo de 35km en Dudince con 2:21:40, si bien perdi\u00f3 la plusmarca dos meses despu\u00e9s a pies de Massimo Stano; otro que ha brillado sobremanera este a\u00f1o en la distancia superior es el alem\u00e1n <strong>Christopher Linke,<\/strong> otro enamorado de Madrid Marcha, batiendo el r\u00e9cord nacional en Podebrady con 2:23:21 para ser segundo, aunque quiz\u00e1s, a sus 36 a\u00f1os, la distancia se antoje algo ef\u00edmera para \u00e9l; entre los nuestros, destaca el concurso de <strong>Diego Garc\u00eda <\/strong>y<strong> \u00c1lvaro L\u00f3pez<\/strong>; el doble medallista europeo de 20km volver\u00e1 a gestionar lo mejor posible el doblete \u2018director deportivo-marchador\u2019 y no se ha puesto precisamente sencillo conquistar el que ser\u00eda su tercer p\u00f3dium en Madrid al fichar a tan destacado elenco de especialistas y es que el nepotismo no es una opci\u00f3n; en todo caso, reconoce Diego que este a\u00f1o no tiene el ritmo de competici\u00f3n habitual de estas fechas ni el de sus rivales y apela a la \u00e9pica y a la inmensa satisfacci\u00f3n que le produce marchar en \u2018su prueba\u2019 para firmar la m\u00e1s destacada actuaci\u00f3n posible; quien s\u00ed est\u00e1 en estado de gracia es su compa\u00f1ero de fatigas \u00c1lvaro L\u00f3pez que a\u00f1o tras a\u00f1o se reafirma entre los mejores, consiguiendo en Podebrady una magn\u00edfica 6\u00aa plaza, descendiendo por primera vez de la cota del 1:20 con 1:19:38.<\/p>\n\n\n\n<p><strong>\u00bfQui\u00e9n frena a las chinas?<\/strong><\/p>\n\n\n\n<p>Entre las f\u00e9minas, que partir\u00e1n al un\u00edsono que los atletas masculinos para dar 10 vueltas de 1km al ya ic\u00f3nico circuito de la Gran V\u00eda, la victoria tambi\u00e9n parece estar muy abierta, aunque un apuesta m\u00e1s que segura es la presencia de&nbsp; varias marchadoras chinas en el p\u00f3dium, dada la generosidad de su alineaci\u00f3n y lo conspicuo de su nivel; aunque no ha competido a\u00fan este 2025, ser\u00e1 de la partida <strong>Baima Zhouma<\/strong>, flamante campeona del mundo sub-20 el pasado agosto en Lima gracias a un gran registro de 43:23.60; a su vera estar\u00e1 un buen pu\u00f1ado de compatriotas encabezado por Shi Yuxia, que bati\u00f3 en Taicang su mejor marca situ\u00e1ndola en 1:27:41, a la que se suman <strong>Peng Li<\/strong> (1:29:16), la medallista de bronce en Doha sobre <strong>20km Yang Liujing <\/strong>(1:29:30), Zhuoma Renqing (1:29:33), Wang Na (1:29:35) y Jiang Yunyan (1:29:36).<\/p>\n\n\n\n<p>Una mujer, una misi\u00f3n; la mexicana <strong>Alegna Gonz\u00e1lez<\/strong> partir\u00e1 con la ardua tarea de evitar un triplete chino; a sus 26 a\u00f1os, es una de las especialistas de 20km m\u00e1s regulares y consistentes del mundo, habiendo logrado puesto de finalista en los dos \u00faltimos Mundiales y dos \u00faltimos Juegos Ol\u00edmpicas, ubic\u00e1ndose 5\u00aa tanto en Tokio como en Par\u00eds; este a\u00f1o se atrevi\u00f3 con el debut sobre 35km pero abandon\u00f3 en Dudince, no tardando en tomarse la revancha en Filadelfia, donde vol\u00f3 sobre 5000m al marcar 21:22.66; otras firmes candidatas a integrar el top-ten ser\u00e1n la peruana <strong>Evelyn Inga<\/strong>, 8\u00aa en Par\u00eds sobre 20km y la francesa <strong>Clemence Beretta<\/strong>, que maravill\u00f3 en Podebrady con su segundo puesto y marca personal de 1:28:05; en la ciudad checa fue 4\u00aa <strong>Ant\u00eda Chamosa<\/strong>, l\u00edder de la nueva generaci\u00f3n de marchadoras patrias, que ya hab\u00eda mejorado en el Nacional de San Pedro del Pinatar hasta 1:27:55 y que bien podr\u00eda auparse a las primeras plazas y, como siempre, no faltar\u00e1 a la cita <strong>Raquel Gonz\u00e1lez<\/strong>, bronce en M\u00fanich 2022 sobre 35kms.<\/p>\n\n\n\n<p>El mercurio har\u00e1 de las suyas y, aunque la carrera internacional partir\u00e1 a las 11h, se barrunta una temperatura entre 26 y 28\u00baC que sin duda a\u00f1adir\u00e1 dosis de dificultad y \u00e9pica a la 4\u00aa edici\u00f3n de Madrid Marcha, que abrir\u00e1 su programa con la novedosa prueba de 5.000m abierta mixta para continuar despu\u00e9s con las categor\u00edas menores. Antes del inicio de la prueba se rendir\u00e1 un emotivo <strong>homenaje a Mar\u00eda Vasco<\/strong>, conmemor\u00e1ndose en este 2025 las bodas de plata de su hist\u00f3rica medalla de bronce sobre 20km en Sidney 2000, la primera medalla ol\u00edmpica femenina de nuestro atletismo.<\/p>\n\n\n\n<ul class=\"wp-block-list\">\n<li><em>Emeterio Valiente es corresponsal de World Athletics en Espa\u00f1a<\/em><\/li>\n<\/ul>","protected":false},"excerpt":{"rendered":"<p>Por Emeterio Valiente | Cuentan las estad\u00edsticas oficiales que m\u00e1s de un 90% de los proyectos e iniciativas, ya sean deportivas o empresariales, no sobreviven tres a\u00f1os despu\u00e9s de su lanzamiento, de lo que se deduce que Madrid Marcha pertenece al \u00ednfimo porcentaje que celebra cumplea\u00f1os tras cumplea\u00f1os; este domingo 1 de&hellip;<\/p>","protected":false},"author":990003,"featured_media":6886,"comment_status":"closed","ping_status":"open","sticky":false,"template":"","format":"standard","meta":{"footnotes":""},"categories":[5,1],"tags":[],"class_list":["post-7133","post","type-post","status-publish","format-standard","has-post-thumbnail","hentry","category-portada","category-uncategorized"],"_links":{"self":[{"href":"https:\/\/madridmarcha.com\/en\/wp-json\/wp\/v2\/posts\/7133","targetHints":{"allow":["GET"]}}],"collection":[{"href":"https:\/\/madridmarcha.com\/en\/wp-json\/wp\/v2\/posts"}],"about":[{"href":"https:\/\/madridmarcha.com\/en\/wp-json\/wp\/v2\/types\/post"}],"author":[{"embeddable":true,"href":"https:\/\/madridmarcha.com\/en\/wp-json\/wp\/v2\/users\/990003"}],"replies":[{"embeddable":true,"href":"https:\/\/madridmarcha.com\/en\/wp-json\/wp\/v2\/comments?post=7133"}],"version-history":[{"count":3,"href":"https:\/\/madridmarcha.com\/en\/wp-json\/wp\/v2\/posts\/7133\/revisions"}],"predecessor-version":[{"id":7137,"href":"https:\/\/madridmarcha.com\/en\/wp-json\/wp\/v2\/posts\/7133\/revisions\/7137"}],"wp:featuredmedia":[{"embeddable":true,"href":"https:\/\/madridmarcha.com\/en\/wp-json\/wp\/v2\/media\/6886"}],"wp:attachment":[{"href":"https:\/\/madridmarcha.com\/en\/wp-json\/wp\/v2\/media?parent=7133"}],"wp:term":[{"taxonomy":"category","embeddable":true,"href":"https:\/\/madridmarcha.com\/en\/wp-json\/wp\/v2\/categories?post=7133"},{"taxonomy":"post_tag","embeddable":true,"href":"https:\/\/madridmarcha.com\/en\/wp-json\/wp\/v2\/tags?post=7133"}],"curies":[{"name":"wp","href":"https:\/\/api.w.org\/{rel}","templated":true}]}}