{"id":7128,"date":"2025-05-29T10:35:55","date_gmt":"2025-05-29T09:35:55","guid":{"rendered":"https:\/\/madridmarcha.com\/?p=7128"},"modified":"2025-05-29T10:36:53","modified_gmt":"2025-05-29T09:36:53","slug":"diego-garcia-carrera-madrid-marcha-es-una-cita-imprescindible-gracias-a-nuestro-compromiso-de-cuidar-a-los-atletas","status":"publish","type":"post","link":"https:\/\/madridmarcha.com\/en\/2025\/05\/29\/diego-garcia-carrera-madrid-marcha-es-una-cita-imprescindible-gracias-a-nuestro-compromiso-de-cuidar-a-los-atletas\/","title":{"rendered":"Diego Garc\u00eda Carrera: &#8220;Madrid Marcha es una cita imprescindible gracias a nuestro compromiso de cuidar a los atletas&#8221;"},"content":{"rendered":"<p>La ciudad de Madrid volver\u00e1 a convertirse el pr\u00f3ximo domingo 1 de junio en epicentro del atletismo mundial con una nueva edici\u00f3n del <strong>Gran Premio Internacional Madrid Marcha Silb\u00f6 Telecom<\/strong>, prueba de categor\u00eda Gold del circuito mundial de marcha (World Race Walking Tour) que nuevamente se disputar\u00e1 en la Gran V\u00eda de la capital espa\u00f1ola. Una cita que, a\u00f1o tras a\u00f1o, sigue consolid\u00e1ndose como referente global en una de las disciplinas que m\u00e1s alegr\u00edas ha dado hist\u00f3ricamente al deporte espa\u00f1ol como es la marcha atl\u00e9tica.<\/p>\n\n\n\n<p>Detr\u00e1s de este crecimiento sostenible y del prestigio que ha alcanzado el evento se encuentra <strong>Diego Garc\u00eda Carrera<\/strong>, marchador espa\u00f1ol con gran bagaje internacional y figura clave en la organizaci\u00f3n de la prueba junto con la empresa <strong>G2O Publisport<\/strong>, que lidera Gerardo Gonz\u00e1lez.<\/p>\n\n\n\n<p>En una entrevista al gabinete de comunicaci\u00f3n del Gran Premio Internacional Madrid Marcha Silb\u00f6 Telecom, el atleta madrile\u00f1o, que tambi\u00e9n es el director deportivo de la prueba, repasa varios aspectos de la misma \u2014entre ellos las importantes novedades que hay de cara a esta cuarta edici\u00f3n, como el incremento de los premios econ\u00f3micos, la inclusi\u00f3n de una cuarta carrera y, sobre todo, la implementaci\u00f3n a nivel mundial del llamado \u2018VAR de la marcha\u2019\u2014, as\u00ed como el reto que supone compaginar la faceta deportiva con la organizativa en un acontecimiento de estas caracter\u00edsticas.<\/p>\n\n\n\n<p><strong>Crecimiento con rigor y visi\u00f3n a largo plazo<\/strong><\/p>\n\n\n\n<p>\u201cLa prueba se est\u00e1 consolidando edici\u00f3n tras edici\u00f3n y lo hace gracias a un trabajo riguroso, sostenible y que pone el foco en <strong>lo verdaderamente importante, que no es otra cosa que cuidar a los atletas<\/strong>\u201d, afirma Diego Garc\u00eda Carrera, de 29 a\u00f1os. \u201cNo se trata de hacer grandes alardes, sino de sentar unas bases s\u00f3lidas para que, con el tiempo, sean los propios deportistas quienes recomienden la carrera y la incluyan como cita imprescindible en su calendario\u201d, a\u00f1ade el atleta, que gracias a sus dotes de comunicador tambi\u00e9n ejerci\u00f3 de maestro de ceremonias \u2014junto al director de Deportes de Telemadrid, Javier Callejo\u2014 en la presentaci\u00f3n de la carrera, celebrada el pasado 12 de mayo en el<strong>&nbsp;Campus UAX Business &amp; Tech de la Universidad Alfonso X El Sabio (UAX)<\/strong>, situado en el madrile\u00f1o barrio de Chamber\u00ed y que es considerado \u2018la cuna del saber\u2019 al ser puntero en tecnolog\u00eda y negocio.<\/p>\n\n\n\n<figure class=\"wp-block-image size-large\"><img loading=\"lazy\" decoding=\"async\" width=\"1024\" height=\"683\" src=\"https:\/\/madridmarcha.com\/wp-content\/uploads\/2025\/05\/241006_102901sm7900-1024x683.jpg\" alt=\"\" class=\"wp-image-7130\" srcset=\"https:\/\/madridmarcha.com\/wp-content\/uploads\/2025\/05\/241006_102901sm7900-1024x683.jpg 1024w, https:\/\/madridmarcha.com\/wp-content\/uploads\/2025\/05\/241006_102901sm7900-300x200.jpg 300w, https:\/\/madridmarcha.com\/wp-content\/uploads\/2025\/05\/241006_102901sm7900-768x512.jpg 768w, https:\/\/madridmarcha.com\/wp-content\/uploads\/2025\/05\/241006_102901sm7900-1536x1024.jpg 1536w, https:\/\/madridmarcha.com\/wp-content\/uploads\/2025\/05\/241006_102901sm7900-2048x1365.jpg 2048w, https:\/\/madridmarcha.com\/wp-content\/uploads\/2025\/05\/241006_102901sm7900-18x12.jpg 18w, https:\/\/madridmarcha.com\/wp-content\/uploads\/2025\/05\/241006_102901sm7900-370x247.jpg 370w, https:\/\/madridmarcha.com\/wp-content\/uploads\/2025\/05\/241006_102901sm7900-745x497.jpg 745w, https:\/\/madridmarcha.com\/wp-content\/uploads\/2025\/05\/241006_102901sm7900-365x243.jpg 365w\" sizes=\"auto, (max-width: 1024px) 100vw, 1024px\" \/><\/figure>\n\n\n\n<p>El respaldo institucional y financiero ha sido clave en este proceso de crecimiento. \u201cContamos con el apoyo de la Comunidad de Madrid, del Ayuntamiento, de Silb\u00f6 Telecom \u2014\u201cque repite como <em>title sponsor<\/em>\u201d\u2014, as\u00ed como de Skechers, Grand Class y otros patrocinadores y colaboradores que han cre\u00eddo en este proyecto desde el inicio. Ese apoyo nos permite seguir desarrollando la prueba en todos los aspectos, desde la dotaci\u00f3n de premios hasta la implementaci\u00f3n de nuevas tecnolog\u00edas\u201d, explica el marchador madrile\u00f1o.<\/p>\n\n\n\n<p><strong>El VAR de la marcha<\/strong><\/p>\n\n\n\n<p>Entre las principales novedades de esta edici\u00f3n destaca la <strong>incorporaci\u00f3n del sistema RWECS (Race Walking Electronic Control System)<\/strong>; se trata del llamado <strong>\u2018VAR de la marcha\u2019<\/strong>, una tecnolog\u00eda pionera para la detecci\u00f3n electr\u00f3nica de irregularidades t\u00e9cnicas en la marcha atl\u00e9tica que, despu\u00e9s de haber sido probado con \u00e9xito en competiciones menores en Barcelona y Tarragona, va a ser implementado por primera vez a nivel mundial.<\/p>\n\n\n\n<p>Un dispositivo, concebido como sistema objetivo de apoyo al juzgamiento, que est\u00e1basado en una serie de sensores, pesa menos de 15 gramos, es poco mayor que una moneda de 1 euro y se ata a los cordones de las zapatillas, como ya explic\u00f3 en su d\u00eda <strong>Javier Rosell<\/strong>, investigador de Ingenier\u00eda Biom\u00e9dica y profesor del Departamento de Ingenier\u00eda Electr\u00f3nica de la Universidad Polit\u00e9cnica de Catalu\u00f1a (UPC), que ha sido el encargo de sacar adelante este sistema.<\/p>\n\n\n\n<p>\u201cUno de los grandes retos que afronta la marcha es la subjetividad en la evaluaci\u00f3n t\u00e9cnica por parte de los jueces\u201d, se\u00f1ala Garc\u00eda Carrera. \u201cEl sistema RWECS, que ya ha sido testado en entornos controlados como competiciones en pista o eventos amateur, necesitaba dar el salto a una competici\u00f3n real con atletas profesionales. Y el GP Internacional Madrid Marcha Silb\u00f6 Telecom ha decidido dar ese paso para convertirse en banco de pruebas internacional\u201d, explica.<\/p>\n\n\n\n<p>Sin embargo, la implementaci\u00f3n de este \u2018VAR de la marcha\u2019 no est\u00e1 exenta de complejidad porque \u201chablamos de un circuito urbano de 1.000 metros, con gran afluencia de p\u00fablico, m\u00faltiples interferencias tecnol\u00f3gicas y un n\u00famero elevado de participantes. Dicho de otra manera: que el sistema funcione aqu\u00ed ser\u00eda una demostraci\u00f3n clara de que el \u2018VAR de la marcha\u2019 est\u00e1 listo para ser utilizado de manera regular y global\u201d.<\/p>\n\n\n\n<p><strong>Un cartel de talla mundial<\/strong><\/p>\n\n\n\n<p>La cuarta edici\u00f3n de Madrid Marcha reunir\u00e1 en su pr\u00f3xima edici\u00f3n a algunos de los mejores marchadores y marchadoras del panorama internacional, con una <strong>destacada presencia de atletas ol\u00edmpicos de los cinco continentes<\/strong>.<\/p>\n\n\n\n<p>\u201cTenemos a 16 chinos (ocho chicos y ocho chicas) que ahora mismo son l\u00edderes de los rankings mundiales. Hemos elegido a los mejores, que es siempre la filosof\u00eda de Madrid Marcha, y para ello no hay m\u00e1s que ver sus registros de 1:17 o 1:18 en 20km, que son <em>tiempazos <\/em>espectaculares. Desde Jap\u00f3n llegan cinco atletas ol\u00edmpicos, todos con registros por debajo de 1:20. Latinoam\u00e9rica tambi\u00e9n estar\u00e1 muy bien representada: M\u00e9xico trae a siete atletas, entre ellos <strong>Alegna Gonz\u00e1lez<\/strong>, una habitual en las posiciones de arriba en citas internacionales. Colombia, Ecuador y Costa Rica tambi\u00e9n presentan deportistas de alto nivel\u201d, explica Diego.<\/p>\n\n\n\n<p>La representaci\u00f3n internacional se extiende igualmente a \u00c1frica, con la presencia del et\u00edope <strong>Misgana Wakuma Fekansa<\/strong> \u2014sexto en los pasados JJOO de Par\u00eds 2024\u2014, y a Ocean\u00eda con la participaci\u00f3n del australiano <strong>Declan Tingay<\/strong>, otro marchador ol\u00edmpico de gran proyecci\u00f3n que fue und\u00e9cimo en la cita ol\u00edmpica celebrada en la capital francesa.<\/p>\n\n\n\n<figure class=\"wp-block-image size-full\"><img loading=\"lazy\" decoding=\"async\" width=\"1012\" height=\"670\" src=\"https:\/\/madridmarcha.com\/wp-content\/uploads\/2024\/04\/diegogarciacarrera.jpg\" alt=\"\" class=\"wp-image-6566\" srcset=\"https:\/\/madridmarcha.com\/wp-content\/uploads\/2024\/04\/diegogarciacarrera.jpg 1012w, https:\/\/madridmarcha.com\/wp-content\/uploads\/2024\/04\/diegogarciacarrera-300x199.jpg 300w, https:\/\/madridmarcha.com\/wp-content\/uploads\/2024\/04\/diegogarciacarrera-768x508.jpg 768w, https:\/\/madridmarcha.com\/wp-content\/uploads\/2024\/04\/diegogarciacarrera-18x12.jpg 18w, https:\/\/madridmarcha.com\/wp-content\/uploads\/2024\/04\/diegogarciacarrera-370x245.jpg 370w, https:\/\/madridmarcha.com\/wp-content\/uploads\/2024\/04\/diegogarciacarrera-745x493.jpg 745w, https:\/\/madridmarcha.com\/wp-content\/uploads\/2024\/04\/diegogarciacarrera-365x242.jpg 365w\" sizes=\"auto, (max-width: 1012px) 100vw, 1012px\" \/><\/figure>\n\n\n\n<p><strong>Doble responsabilidad: atleta y organizador<\/strong><\/p>\n\n\n\n<p>Compaginar la preparaci\u00f3n para una prueba de m\u00e1ximo nivel con las labores de organizaci\u00f3n no es nada f\u00e1cil. Y Diego Garc\u00eda Carrera es muy consciente de ello. \u201cSiempre digo que lo m\u00e1s dif\u00edcil es llegar en condiciones \u00f3ptimas para competir. Una carrera de 10 km como \u00e9sta requiere a\u00f1os de preparaci\u00f3n y esfuerzo. Alcanzar marcas por debajo de los 39 minutos, lo que supone ritmos cercanos a 3:50 por kil\u00f3metro en marcha, es una exigencia f\u00edsica y t\u00e9cnica alt\u00edsima\u201d, asegura.<\/p>\n\n\n\n<p>No obstante, reconoce que la responsabilidad organizativa tambi\u00e9n presenta sus propias dificultades. \u201cHay muchos factores que escapan al control directo y hay que estar preparados para gestionar imprevistos hasta el \u00faltimo momento. Requiere templanza, planificaci\u00f3n y un equipo comprometido\u201d, se\u00f1ala Garc\u00eda Carrera, quien adem\u00e1s de destacar la gesti\u00f3n organizativa de Gerardo Gonz\u00e1lez tambi\u00e9n ha elogiado la \u201cgran labor log\u00edstica\u201d de Mar Ruiz.<\/p>\n\n\n\n<p><strong>Homenaje a Mar\u00eda Vasco<\/strong><\/p>\n\n\n\n<p>En Madrid Marcha se suele rendir homenaje a figuras destacadas de la historia de la marcha atl\u00e9tica espa\u00f1ola. Si en la primera edici\u00f3n el homenajeado fue el m\u00edtico <strong>Jes\u00fas \u00c1ngel \u2018Chuso\u2019 Garc\u00eda Bragado<\/strong> \u2014\u201ces mi \u00eddolo\u201d, destaca\u2014 y en la tercera fue un <strong>\u00c1lvaro Mart\u00edn <\/strong>que se acababa de retirar, en esta ocasi\u00f3n la prueba reconocer\u00e1 a la catalana <strong>Mar\u00eda Vasco<\/strong>, primera atleta espa\u00f1ola que gan\u00f3 medalla ol\u00edmpica en atletismo, coincidiendo con el 25 aniversario del bronce que logr\u00f3 en los 20km marcha de Sydney 2000.<\/p>\n\n\n\n<p>\u201cNos hace much\u00edsima ilusi\u00f3n reconocer a figuras como Mar\u00eda Vasco; no solo por sus logros, sino por lo que representan para generaciones enteras. Es un referente de esfuerzo, de constancia y de excelencia. Nos hace mucha ilusi\u00f3n que vaya a recibir el galard\u00f3n en plena Gran V\u00eda de Madrid, as\u00ed que ser\u00e1 un momento muy especial tanto para ella como para nosotros\u201d, afirma Diego.<\/p>\n\n\n\n<p><strong>Expectativas y nombres propios<\/strong><\/p>\n\n\n\n<p>En cuanto a los favoritos de cara a esta cuarta edici\u00f3n, Garc\u00eda Carrera prefiere mantener la cautela. \u201c\u00bfUna porra? Si me lo permites, y que quede por escrito, no quiero ni ser gafe ni perder la posibilidad. Si quieres te digo la de chicas, que yo no compito ah\u00ed. En chicos est\u00e1 todo abierto y yo no renuncio a nada, pero no quiero gafar la situaci\u00f3n\u201d, dice con una sonrisa de oreja a oreja.<\/p>\n\n\n\n<p>\u201cEn cuanto a las chicas, estoy convencido de que el podio contar\u00e1 con al menos una o dos atletas chinas, y tambi\u00e9n con Alegna Gonz\u00e1lez, que atraviesa un gran momento de forma\u201d, explica Diego, que ha destacado nombres propios como los del canadiense <strong>Evan Dunfee<\/strong>, quien ostent\u00f3 el r\u00e9cord mundial de 35km marcha hasta que fue destronado por el italiano Massimo Stano; as\u00ed como los de los ganadores de las tres primeras ediciones de Madrid Marcha: el sueco <strong>Perseus Karlstr\u00f6m<\/strong>, el italiano <strong>Francesco Fortunato<\/strong> y el japon\u00e9s <strong>Toshikazu Yamanishi<\/strong>, por ese orden. \u201cPerseus ya gan\u00f3 aqu\u00ed y, aunque no pudo brillar en la \u00faltima Copa de Europa, sin duda Madrid le motivar\u00e1 y querr\u00e1 repetir triunfo. En cualquier caso, todos los participantes son referentes mundiales y vendr\u00e1n muy motivados, as\u00ed que la competencia ser\u00e1 m\u00e1xima\u201d, dice.<\/p>\n\n\n\n<p><strong>Mucho m\u00e1s que una competici\u00f3n<\/strong><\/p>\n\n\n\n<p>En definitiva, la <strong>apuesta por la innovaci\u00f3n<\/strong> \u2014\u201cno podemos dejar de innovar porque, con toda la cantidad de ofertas de ocio que tenemos, nos quedar\u00edamos estancados\u201d, se\u00f1ala\u2014, la accesibilidad global y el reconocimiento a la historia de la marcha atl\u00e9tica hacen que el Gran Premio Internacional Madrid Marcha Silb\u00f6 Telecom se haya consolidado, en muy pocas ediciones, como un evento imprescindible en el calendario internacional de la disciplina.<\/p>\n\n\n\n<p>\u201cMadrid Marcha no es solo una carrera, es un proyecto para <strong>dignificar y visibilizar la marcha atl\u00e9tica a nivel mundial<\/strong>\u201d, ha dicho Diego Garc\u00eda Carrera. \u201cQueremos que la capital de Espa\u00f1a sea un punto de encuentro para la \u00e9lite internacional, un escaparate de excelencia organizativa y tambi\u00e9n una plataforma para avanzar hacia el futuro del atletismo\u201d, concluy\u00f3 el marchador y al mismo tiempo organizador del evento.<\/p>","protected":false},"excerpt":{"rendered":"<p>La ciudad de Madrid volver\u00e1 a convertirse el pr\u00f3ximo domingo 1 de junio en epicentro del atletismo mundial con una nueva edici\u00f3n del Gran Premio Internacional Madrid Marcha Silb\u00f6 Telecom, prueba de categor\u00eda Gold del circuito mundial de marcha (World Race Walking Tour) que nuevamente se disputar\u00e1 en la Gran V\u00eda de&hellip;<\/p>","protected":false},"author":990003,"featured_media":6763,"comment_status":"closed","ping_status":"open","sticky":false,"template":"","format":"standard","meta":{"footnotes":""},"categories":[5,1],"tags":[],"class_list":["post-7128","post","type-post","status-publish","format-standard","has-post-thumbnail","hentry","category-portada","category-uncategorized"],"_links":{"self":[{"href":"https:\/\/madridmarcha.com\/en\/wp-json\/wp\/v2\/posts\/7128","targetHints":{"allow":["GET"]}}],"collection":[{"href":"https:\/\/madridmarcha.com\/en\/wp-json\/wp\/v2\/posts"}],"about":[{"href":"https:\/\/madridmarcha.com\/en\/wp-json\/wp\/v2\/types\/post"}],"author":[{"embeddable":true,"href":"https:\/\/madridmarcha.com\/en\/wp-json\/wp\/v2\/users\/990003"}],"replies":[{"embeddable":true,"href":"https:\/\/madridmarcha.com\/en\/wp-json\/wp\/v2\/comments?post=7128"}],"version-history":[{"count":2,"href":"https:\/\/madridmarcha.com\/en\/wp-json\/wp\/v2\/posts\/7128\/revisions"}],"predecessor-version":[{"id":7132,"href":"https:\/\/madridmarcha.com\/en\/wp-json\/wp\/v2\/posts\/7128\/revisions\/7132"}],"wp:featuredmedia":[{"embeddable":true,"href":"https:\/\/madridmarcha.com\/en\/wp-json\/wp\/v2\/media\/6763"}],"wp:attachment":[{"href":"https:\/\/madridmarcha.com\/en\/wp-json\/wp\/v2\/media?parent=7128"}],"wp:term":[{"taxonomy":"category","embeddable":true,"href":"https:\/\/madridmarcha.com\/en\/wp-json\/wp\/v2\/categories?post=7128"},{"taxonomy":"post_tag","embeddable":true,"href":"https:\/\/madridmarcha.com\/en\/wp-json\/wp\/v2\/tags?post=7128"}],"curies":[{"name":"wp","href":"https:\/\/api.w.org\/{rel}","templated":true}]}}