{"id":7126,"date":"2025-05-28T20:44:33","date_gmt":"2025-05-28T19:44:33","guid":{"rendered":"https:\/\/madridmarcha.com\/?p=7126"},"modified":"2025-05-28T20:44:49","modified_gmt":"2025-05-28T19:44:49","slug":"alberto-tome-impulsor-silencioso-de-madrid-marcha-el-tiempo-nos-ha-dado-la-razon-es-una-prueba-que-ningun-marchador-se-quiere-perder","status":"publish","type":"post","link":"https:\/\/madridmarcha.com\/en\/2025\/05\/28\/alberto-tome-impulsor-silencioso-de-madrid-marcha-el-tiempo-nos-ha-dado-la-razon-es-una-prueba-que-ningun-marchador-se-quiere-perder\/","title":{"rendered":"Alberto Tom\u00e9, impulsor silencioso de Madrid Marcha: &#8220;El tiempo nos ha dado la raz\u00f3n, es una prueba que ning\u00fan marchador se quiere perder&#8221;"},"content":{"rendered":"<p>La Gran V\u00eda de Madrid volver\u00e1 a acoger el pr\u00f3ximo domingo 1 de junio el <strong>Gran Premio Internacional Madrid Marcha Silb\u00f6 Telecom<\/strong>, prueba de categor\u00eda Gold del circuito mundial de marcha atl\u00e9tica (World Race Walking Tour) que cumple su cuarta edici\u00f3n y que en esta ocasi\u00f3n presenta importantes novedades, como la inclusi\u00f3n de una cuarta carrera, el aumento de los premios econ\u00f3micos (en un 8%) y, sobre todo, la implementaci\u00f3n a nivel mundial del llamado \u2018VAR de la marcha\u2019.<\/p>\n\n\n\n<p>La carrera, que fue presentada el pasado lunes 12 de mayo en el imponente Campus UAX Business &amp; Tech de la Universidad Alfonso X El Sabio (UAX) -un edificio situado en el madrile\u00f1o barrio de Chamber\u00ed, que es considerado \u2018la cuna del saber\u2019 por ser puntero en tecnolog\u00eda y negocio-, est\u00e1 organizada por la empresa G2O Publisport, que lidera <strong>Gerardo Gonz\u00e1lez<\/strong>, junto con el atleta<strong> Diego Garc\u00eda Carrera<\/strong>, marchador con gran bagaje internacional y figura clave de la prueba, en su doble papel de competidor y organizador.<\/p>\n\n\n\n<p>Sin embargo, tampoco conviene olvidar a una figura clave en toda esta ecuaci\u00f3n como es Alberto Tom\u00e9, actual director general de Deportes de la Comunidad de Madrid (CAM), pues se trata de una de las personas que m\u00e1s ha apostado en todo momento por Madrid Marcha: sin su apoyo y el del Ejecutivo regional, la prueba jam\u00e1s habr\u00eda salido adelante.<\/p>\n\n\n\n<p><strong>Creer desde el principio<\/strong><\/p>\n\n\n\n<p>Corr\u00eda el a\u00f1o 2022 cuando Garc\u00eda Carrera se present\u00f3 en el despacho de Tom\u00e9 con un ambicioso proyecto entre manos: un evento internacional de marcha atl\u00e9tica, en plena Gran V\u00eda, para dimensionar esta disciplina a nivel mundial y magnificar el compromiso de la ciudad y la regi\u00f3n de Madrid con el deporte. <strong>Pareci\u00f3 convencer a Tom\u00e9 desde el minuto 1<\/strong>. \u201cDesde la Comunidad de Madrid estamos muy atentos a cualquier iniciativa que nos permita acercar a las personas al deporte y especialmente a las m\u00e1s novedosas. Por eso cuando Diego nos present\u00f3 este evento, vimos que reun\u00eda todos los ingredientes para convertirse con el tiempo en un gran evento deportivo y, adem\u00e1s, nos permit\u00eda impulsar la marcha desde Madrid. El tiempo nos ha dado la raz\u00f3n\u201d, explica el director de Deportes de la CAM en una entrevista al gabinete de comunicaci\u00f3n del Gran Premio Internacional Madrid Marcha Silb\u00f6 Telecom.<\/p>\n\n\n\n<p>Aquella intuici\u00f3n ha acabado convirti\u00e9ndose en una cita de categor\u00eda Gold, que cada a\u00f1o re\u00fane a los mejores marchadores del planeta -entre los atletas confirmados para esta cuarta edici\u00f3n se encuentran nombres como los de <strong>Toshikazu Yamanishi, Francesco Fortunato, Caio Bonfim, Perseus Karlstr\u00f6m, Evan Dunfee, Yang Jiayu, Antonella Palmisano, Alegna Gonz\u00e1lez, Antigoni Ntrismpioti, Raquel Gonz\u00e1lez Campos, Laura Garc\u00eda Caro, Paul McGrath o Marc Tur<\/strong>, adem\u00e1s de, por supuesto, el propio Diego Garc\u00eda Carrera-, posicionando a Madrid como capital mundial de la disciplina.<\/p>\n\n\n\n<p>Tres ediciones despu\u00e9s, y a punto de llegarse a la cuarta, Madrid Marcha no solo es un evento consolidado, sino tambi\u00e9n una de las joyas de la corona del calendario atl\u00e9tico mundial. Una cita imprescindible para los mejores marchadores del planeta. \u201cLa evoluci\u00f3n no puede ser m\u00e1s satisfactoria. <strong>Cuando conocimos el proyecto vimos en \u00e9l muchas posibilidades<\/strong>. Gracias a los marchadores espa\u00f1oles, al posicionamiento que han ido alcanzando en los \u00faltimos tiempos y a la gran afici\u00f3n que han creado, la marcha se ha hecho presente con firmeza en el \u00e1mbito deportivo. Todo ello unido al gran escenario en el que se desarrolla este evento, en plena Gran V\u00eda de Madrid, lo que ha convertido Madrid Marcha en una oportunidad que los grandes marchadores no se quieren perder y que, por tanto, la incluyan en sus agendas\u201d, explica Tom\u00e9 al respecto.<\/p>\n\n\n\n<p><strong>Deporte y ciudad: un mismo latido<\/strong><\/p>\n\n\n\n<p>Pero Madrid Marcha no es solo un evento deportivo. Es tambi\u00e9n una experiencia visual y emocional que transforma el espacio urbano en un lugar de encuentro, celebraci\u00f3n y esfuerzo compartido. \u201cDesde el punto de vista deportivo, Madrid Marcha es un evento en el que se puede sentir el esfuerzo, la concentraci\u00f3n de los marchadores y la emoci\u00f3n que transmiten a cada paso. Adem\u00e1s, <strong>visualmente es tremendamente atractivo<\/strong>. Todo ello genera un ambiente festivo y de encuentro, en torno al deporte, que tambi\u00e9n lo convierten en un evento social. Por tanto, Madrid Marcha es una excelente ocasi\u00f3n para disfrutar de un gran deporte como la marcha y, tambi\u00e9n para conocer esos rincones extraordinarios que han convertido a la capital en una ciudad que hay que visitar por todo lo que ofrece al visitante. <\/p>\n\n\n\n<p>Podr\u00edamos decir que la marcha tambi\u00e9n contribuye a avanzar en otros \u00e1mbitos y no me refiero solo al econ\u00f3mico, sino tambi\u00e9n al social\u201d, se\u00f1ala el director de Deportes de la Comunidad de Madrid.<br>Uno de los grandes logros de Madrid Marcha ha sido precisamente esa capacidad para integrar dimensiones: el alto nivel deportivo, la participaci\u00f3n ciudadana, la proyecci\u00f3n tur\u00edstica y el escaparate internacional. Un reto que no habr\u00eda sido posible sin una f\u00f3rmula que Tom\u00e9 defiende a capa y espada como es la<strong> colaboraci\u00f3n p\u00fablico-privada<\/strong>: \u201cLa experiencia nos ha demostrado que es fundamental. Adem\u00e1s, el \u00e9xito, la acogida de los eventos que nacen de la confluencia de los intereses p\u00fablicos y privados se convierten en un referente que contribuye a su vez a generar nuevas alianzas. Creo que todos hemos entendido, tambi\u00e9n los aficionados, que juntos somos capaces de hacer m\u00e1s y mejor\u201d. \u201cEl papel de la Comunidad de Madrid en la celebraci\u00f3n de grandes eventos tiene que ver con haber conseguido generar espacios de confianza para promotores y organizadores. Los detalles siempre se pueden pulir, si es necesario, pero cuando se da el paso de ofrecer la acogida de un evento se avanza mucho m\u00e1s y mejor cuando las partes se sienten c\u00f3modas para hablar, para negociar y, por tanto, para colaborar\u201d, a\u00f1ade en este sentido.<\/p>\n\n\n\n<p><strong>El VAR de la marcha<\/strong><br><br>La edici\u00f3n de 2025 traer\u00e1 una gran novedad como es el <strong>Race Walking Electronic Control System (RWECS)<\/strong>, un sistema de revisi\u00f3n tecnol\u00f3gica que permitir\u00e1 detectar infracciones t\u00e9cnicas con mucha mayor precisi\u00f3n porque no depender\u00e1 exclusivamente del ojo humano. Algo as\u00ed como el <strong>\u2018VAR de la marcha\u2019<\/strong>: se trata de un peque\u00f1o aparato, basado en una serie de sensores, que pesa menos de 15 gramos y es poco mayor que una moneda de 1 euro, y se ata a los cordones de las zapatillas.<\/p>\n\n\n\n<p>Una tecnolog\u00eda objetiva que no dependa del criterio de los jueces y que resultar\u00e1 m\u00e1s equitativa para los marchadores. \u201cTodo lo que contribuye a mejorar el desarrollo de la competici\u00f3n siempre es bienvenido\u201d, dice sobre este sistema Alberto Tom\u00e9, gran entendido de la marcha atl\u00e9tica.<\/p>\n\n\n\n<p><strong>\u201cMerecid\u00edsimo\u201d homenaje a una pionera<\/strong><\/p>\n\n\n\n<p>Otro de los sellos de identidad de este cuarto Gran Premio Internacional Madrid Marcha Silb\u00f6 Telecom es su mirada hacia los pioneros de la disciplina. En 2022, en la primera edici\u00f3n, se rindi\u00f3 homenaje a Jes\u00fas \u00c1ngel \u2018Chuso\u2019 Garc\u00eda Bragado, el eterno marchador espa\u00f1ol, y en 2024 el protagonista fue \u00c1lvaro Mart\u00edn, pocos d\u00edas despu\u00e9s de su retirada. Este a\u00f1o el reconocimiento ser\u00e1 para<strong> Mar\u00eda Vasco<\/strong>, primera deportista espa\u00f1ola que logr\u00f3 una medalla ol\u00edmpica en atletismo con su hist\u00f3rico bronce en los 20km marcha de Sydney 2000, en el 25 aniversario de su gesta.<\/p>\n\n\n\n<p>\u201cMe parece fant\u00e1stico que Mar\u00eda Vasco sea la homenajeada de este 2025\u2026 \u00a1merecid\u00edsimo! Si ahora nos alegramos de la consideraci\u00f3n que ha ganado la marcha en el panorama deportivo espa\u00f1ol y su proyecci\u00f3n en el \u00e1mbito internacional, es justo decir que tambi\u00e9n se lo debemos a los atletas que han ido elevando el nivel deportivo de esta disciplina con su esfuerzo y entrega. Sin duda, Mar\u00eda Vasco ha sido una marchadora clave en ese relato con su intensa dedicaci\u00f3n y, concretamente, con esa medalla de bronce que logr\u00f3 para Espa\u00f1a. Adem\u00e1s, sigue dedic\u00e1ndose a formar a futuros deportistas y compartiendo con ellos sus experiencias y conocimientos, con lo cual sigue haciendo escuela. Esto<strong> hay que agradec\u00e9rselo y merece un reconocimiento p\u00fablico<\/strong>\u201d, se\u00f1ala sobre la deportista catalana.<\/p>\n\n\n\n<p><strong>Un modelo que inspira<\/strong><\/p>\n\n\n\n<p>Pero m\u00e1s all\u00e1 de la proyecci\u00f3n internacional o la emoci\u00f3n deportiva, Alberto Tom\u00e9 tiene claro cu\u00e1l es el verdadero papel de la administraci\u00f3n, en este caso regional: crear un ecosistema favorable para que las buenas ideas crezcan. \u201cEl papel de la Comunidad de Madrid en la celebraci\u00f3n de grandes eventos tiene que ver con haber logrado generar espacios de confianza para promotores y organizadores. <strong>Los detalles siempre se pueden pulir<\/strong>, si es necesario, pero cuando se da el paso de ofrecer la acogida de un evento se avanza mucho m\u00e1s y mejor cuando las partes se sienten c\u00f3modas para hablar, negociar y colaborar\u201d, dice al respecto.<\/p>\n\n\n\n<p>\u00bfQu\u00e9 futuro visualiza Alberto Tom\u00e9 para Madrid Marcha en los pr\u00f3ximos a\u00f1os? \u00bfPuede crecer a\u00fan m\u00e1s la prueba o incluso inspirar otros modelos deportivos en la regi\u00f3n? El director de Deportes lo tiene claro. \u201cEstamos viviendo un momento dulce, disfrutando del camino, pero tambi\u00e9n afianzando el recorrido. De manera que<strong> si todo sigue as\u00ed apuesto por un futuro pr\u00f3spero<\/strong>. En cuanto a la inspiraci\u00f3n para otros modelos puedo asegurar que ya lo estamos haciendo porque es nuestra manera de gestionar. En el<br>deporte, lo que funciona puede ser extrapolable entre disciplinas\u201d, concluy\u00f3 Alberto Tom\u00e9 en la entrevista al gabinete de comunicaci\u00f3n del GPI Madrid Marcha Silb\u00f6 Telecom.<\/p>","protected":false},"excerpt":{"rendered":"<p>La Gran V\u00eda de Madrid volver\u00e1 a acoger el pr\u00f3ximo domingo 1 de junio el Gran Premio Internacional Madrid Marcha Silb\u00f6 Telecom, prueba de categor\u00eda Gold del circuito mundial de marcha atl\u00e9tica (World Race Walking Tour) que cumple su cuarta edici\u00f3n y que en esta ocasi\u00f3n presenta importantes novedades, como la inclusi\u00f3n&hellip;<\/p>","protected":false},"author":990003,"featured_media":6825,"comment_status":"closed","ping_status":"open","sticky":false,"template":"","format":"standard","meta":{"footnotes":""},"categories":[5,1],"tags":[],"class_list":["post-7126","post","type-post","status-publish","format-standard","has-post-thumbnail","hentry","category-portada","category-uncategorized"],"_links":{"self":[{"href":"https:\/\/madridmarcha.com\/en\/wp-json\/wp\/v2\/posts\/7126","targetHints":{"allow":["GET"]}}],"collection":[{"href":"https:\/\/madridmarcha.com\/en\/wp-json\/wp\/v2\/posts"}],"about":[{"href":"https:\/\/madridmarcha.com\/en\/wp-json\/wp\/v2\/types\/post"}],"author":[{"embeddable":true,"href":"https:\/\/madridmarcha.com\/en\/wp-json\/wp\/v2\/users\/990003"}],"replies":[{"embeddable":true,"href":"https:\/\/madridmarcha.com\/en\/wp-json\/wp\/v2\/comments?post=7126"}],"version-history":[{"count":1,"href":"https:\/\/madridmarcha.com\/en\/wp-json\/wp\/v2\/posts\/7126\/revisions"}],"predecessor-version":[{"id":7127,"href":"https:\/\/madridmarcha.com\/en\/wp-json\/wp\/v2\/posts\/7126\/revisions\/7127"}],"wp:featuredmedia":[{"embeddable":true,"href":"https:\/\/madridmarcha.com\/en\/wp-json\/wp\/v2\/media\/6825"}],"wp:attachment":[{"href":"https:\/\/madridmarcha.com\/en\/wp-json\/wp\/v2\/media?parent=7126"}],"wp:term":[{"taxonomy":"category","embeddable":true,"href":"https:\/\/madridmarcha.com\/en\/wp-json\/wp\/v2\/categories?post=7126"},{"taxonomy":"post_tag","embeddable":true,"href":"https:\/\/madridmarcha.com\/en\/wp-json\/wp\/v2\/tags?post=7126"}],"curies":[{"name":"wp","href":"https:\/\/api.w.org\/{rel}","templated":true}]}}