{"id":6823,"date":"2024-09-30T12:31:34","date_gmt":"2024-09-30T11:31:34","guid":{"rendered":"https:\/\/madridmarcha.com\/?p=6823"},"modified":"2024-09-30T12:49:28","modified_gmt":"2024-09-30T11:49:28","slug":"alberto-tome-en-la-cam-estamos-orgullosos-se-ser-los-padres-deportivos-de-madrid-marcha","status":"publish","type":"post","link":"https:\/\/madridmarcha.com\/en\/2024\/09\/30\/alberto-tome-en-la-cam-estamos-orgullosos-se-ser-los-padres-deportivos-de-madrid-marcha\/","title":{"rendered":"Alberto Tom\u00e9: &#8220;En la CAM estamos orgullosos de ser los padres deportivos de Madrid Marcha&#8221;"},"content":{"rendered":"<p>El circuito mundial de marcha atl\u00e9tica (<strong>World Race Walking Tour<\/strong>) se cierra el pr\u00f3ximo domingo 6 de octubre con el <strong>Gran Premio Internacional Madrid Marcha Silb\u00f6 Telecom, Cita de Campeones<\/strong>, prueba de categor\u00eda Gold que cumple su tercera edici\u00f3n y que de nuevo volver\u00e1 a disputarse en un escenario id\u00edlico como es la Gran V\u00eda madrile\u00f1a.<\/p>\n\n\n\n<p>La carrera, que fue presentada el pasado viernes en Casa Club Madrid, cuenta en esta ocasi\u00f3n con varias novedades importantes, pues pasa a tener a la compa\u00f1\u00eda de telecomunicaciones<strong> Silb\u00f6 Telecom<\/strong> como patrocinador principal (title sponsor) y se rendir\u00e1 un merecido homenaje a <strong>\u00c1lvaro Mart\u00edn<\/strong>, uno de los mejores marchadores espa\u00f1oles de todos los tiempos, que recientemente ha anunciado su retirada de la alta competici\u00f3n a los 30 a\u00f1os de edad tras haber sido campe\u00f3n ol\u00edmpico, mundial y europeo.<\/p>\n\n\n\n<p>Una de las personas que m\u00e1s ha apostado en todo momento por este GPI Madrid Marcha Silb\u00f6 Telecom -organizada por la empresa G2O Publisport y cuyo promotor y director t\u00e9cnico es el marchador <strong>Diego Garc\u00eda Carrera<\/strong>-, es <strong>Alberto Tom\u00e9, actual director general de Deportes de la Comunidad de Madrid<\/strong>. Sin su apoyo y el del Ejecutivo regional, esta prueba jam\u00e1s habr\u00eda podido salir adelante.<\/p>\n\n\n\n<p>Tom\u00e9 ha concedido una entrevista al gabinete de comunicaci\u00f3n del Gran Premio Internacional Madrid Marcha Silb\u00f6 Telecom, destacando varios aspectos de una prueba que, seg\u00fan se confirm\u00f3 en la presentaci\u00f3n celebrada el pasado viernes, volver\u00e1 a reunir a varios de los mejores marchadores del mundo como el espa\u00f1ol<strong> Paul McGrath<\/strong>, el sueco <strong>Perseus Karlstr\u00f6m<\/strong> y el italiano <strong>Francesco Fortunato<\/strong> &#8211; estos dos \u00faltimos ganadores de las dos primeras ediciones-, adem\u00e1s del propio Garc\u00eda Carrera y una <strong>Laura Garc\u00eda-Caro<\/strong> que tambi\u00e9n acudi\u00f3 al acto en Casa Club.<\/p>\n\n\n\n<figure class=\"wp-block-image size-large\"><img loading=\"lazy\" decoding=\"async\" width=\"1024\" height=\"683\" src=\"https:\/\/madridmarcha.com\/wp-content\/uploads\/2024\/09\/GR7C6126-1024x683.jpg\" alt=\"\" class=\"wp-image-6827\" srcset=\"https:\/\/madridmarcha.com\/wp-content\/uploads\/2024\/09\/GR7C6126-1024x683.jpg 1024w, https:\/\/madridmarcha.com\/wp-content\/uploads\/2024\/09\/GR7C6126-300x200.jpg 300w, https:\/\/madridmarcha.com\/wp-content\/uploads\/2024\/09\/GR7C6126-768x512.jpg 768w, https:\/\/madridmarcha.com\/wp-content\/uploads\/2024\/09\/GR7C6126-1536x1024.jpg 1536w, https:\/\/madridmarcha.com\/wp-content\/uploads\/2024\/09\/GR7C6126-2048x1366.jpg 2048w, https:\/\/madridmarcha.com\/wp-content\/uploads\/2024\/09\/GR7C6126-18x12.jpg 18w, https:\/\/madridmarcha.com\/wp-content\/uploads\/2024\/09\/GR7C6126-370x247.jpg 370w, https:\/\/madridmarcha.com\/wp-content\/uploads\/2024\/09\/GR7C6126-745x497.jpg 745w, https:\/\/madridmarcha.com\/wp-content\/uploads\/2024\/09\/GR7C6126-365x243.jpg 365w\" sizes=\"auto, (max-width: 1024px) 100vw, 1024px\" \/><\/figure>\n\n\n\n<p class=\"has-medium-font-size\"><strong>Entrevista a Alberto Tom\u00e9, director general de Deportes de la Comunidad de Madrid<\/strong><\/p>\n\n\n\n<p><strong>Madrid Marcha: \u00bfQu\u00e9 le movi\u00f3 a apostar por Madrid Marcha hasta el punto de convertirse en propulsor de una prueba de referencia mundial?<\/strong><\/p>\n\n\n\n<p><strong>Alberto Tom\u00e9: <\/strong>Podr\u00eda dar tres razones. La primera es la propia disciplina, la marcha, que es una modalidad majestuosa porque en ella confluyen valores esenciales del deporte como la forma f\u00edsica, el esfuerzo, la resistencia y el control mental; la segunda es el lugar en el que se desarrolla, que no es otro que la Gran V\u00eda de Madrid, un escenario capital en todos los sentidos, tanto para los marchadores como para los aficionados y curiosos; y la tercera, que es algo que jam\u00e1s olvidar\u00e9, es el entusiasmo que nos contagi\u00f3 Diego Garc\u00eda Carrera hace tres a\u00f1os para organizar en la Comunidad de Madrid un evento extraordinario como es Madrid Marcha, prueba que se ha consolidado como una cita indispensable para los grandes marchadores del mundo. Desde los JJOO de Par\u00eds, los aficionados al mejor deporte miran hacia Espa\u00f1a cuando se habla de marcha gracias al extraordinario papel de los marchadores de la selecci\u00f3n espa\u00f1ola. Nos alegramos de su \u00e9xito y que desde la Comunidad de Madrid ya pusi\u00e9ramos el foco en esta disciplina deportiva con Madrid Marcha.<\/p>\n\n\n\n<p><strong>MM: \u00bfQu\u00e9 espera de esta nueva edici\u00f3n y qu\u00e9 balance hace de las dos anteriores?<\/strong><\/p>\n\n\n\n<p><strong>AT:<\/strong> Nos sentimos muy orgullosos de un evento del que nos consideramos \u2018padres deportivos\u2019 y que ha madurado much\u00edsimo despu\u00e9s de tres a\u00f1os de rodaje. Adem\u00e1s, esta edici\u00f3n ser\u00e1 la prueba Gold que cerrar\u00e1 la temporada del circuito mundial World Race Walking Tour y que, tras los Juegos de Par\u00eds, nos va a permitir reunir al mayor n\u00famero de medallistas ol\u00edmpicos, mundiales y europeos. Madrid Marcha cuenta con todas las garant\u00edas para ser uno de los eventos estrella de este 2024, tanto en organizaci\u00f3n como en capacidad de convocatoria, y nosotros, como gestores de los intereses p\u00fablicos deportivos de los madrile\u00f1os, somos los principales interesados en la difusi\u00f3n de esta disciplina deportiva. En este sentido, conviene no olvidar que el evento ser\u00e1 retransmitido en directo por LaOtra de Telemadrid y LaLiga+. Engrandecemos el deporte, sumamos m\u00e1s aficionados y seguidores, y conseguimos que la Comunidad de Madrid \u201cmarche\u201d como lo est\u00e1 haciendo, generando bienestar y prosperidad econ\u00f3mica para la regi\u00f3n y, por tanto, para los ciudadanos de la Comunidad de Madrid.<\/p>\n\n\n\n<p><strong>MM: Madrid Marcha contar\u00e1 en esta tercera edici\u00f3n con un cartel de lujo, integrado por campeones ol\u00edmpicos, mundiales y continentales, que acercan la marcha, gratuitamente, a los aficionados. \u00bfEs esta la demostraci\u00f3n de que la Comunidad de Madrid sigue empe\u00f1ada en ofrecer al aficionado grandes acontecimientos deportivos?<\/strong><\/p>\n\n\n\n<p><strong>AT: <\/strong>Esta tercera edici\u00f3n de Madrid Marcha va a ser un aut\u00e9ntico espect\u00e1culo. Nuestro reto diario es respaldar eventos de calidad porque es una v\u00eda de difusi\u00f3n del deporte y sus valores que fideliza a los aficionados y atrae a otros nuevos. Y eso es lo que buscamos, que crezca la afici\u00f3n al deporte no s\u00f3lo como espectadores, tambi\u00e9n como actores. Sin techos ni limitaciones, porque en la vida lo importante es &#8216;marchar&#8217; a cualquier ritmo. El mejor ejemplo son los Juegos Ol\u00edmpicos y Paral\u00edmpicos porque han sido una nueva oportunidad para conocer m\u00faltiples disciplinas deportivas, pero tambi\u00e9n para profundizar en la vida de los deportistas, con testimonios estremecedores m\u00e1s all\u00e1 del \u00e1mbito deportivo.<\/p>\n\n\n\n<figure class=\"wp-block-image size-full\"><img loading=\"lazy\" decoding=\"async\" width=\"1600\" height=\"1598\" src=\"https:\/\/madridmarcha.com\/wp-content\/uploads\/2024\/09\/Alberto-Tome-2-OK1.jpg\" alt=\"\" class=\"wp-image-6831\" srcset=\"https:\/\/madridmarcha.com\/wp-content\/uploads\/2024\/09\/Alberto-Tome-2-OK1.jpg 1600w, https:\/\/madridmarcha.com\/wp-content\/uploads\/2024\/09\/Alberto-Tome-2-OK1-300x300.jpg 300w, https:\/\/madridmarcha.com\/wp-content\/uploads\/2024\/09\/Alberto-Tome-2-OK1-1024x1024.jpg 1024w, https:\/\/madridmarcha.com\/wp-content\/uploads\/2024\/09\/Alberto-Tome-2-OK1-150x150.jpg 150w, https:\/\/madridmarcha.com\/wp-content\/uploads\/2024\/09\/Alberto-Tome-2-OK1-768x767.jpg 768w, https:\/\/madridmarcha.com\/wp-content\/uploads\/2024\/09\/Alberto-Tome-2-OK1-1536x1534.jpg 1536w, https:\/\/madridmarcha.com\/wp-content\/uploads\/2024\/09\/Alberto-Tome-2-OK1-12x12.jpg 12w, https:\/\/madridmarcha.com\/wp-content\/uploads\/2024\/09\/Alberto-Tome-2-OK1-370x370.jpg 370w, https:\/\/madridmarcha.com\/wp-content\/uploads\/2024\/09\/Alberto-Tome-2-OK1-155x155.jpg 155w, https:\/\/madridmarcha.com\/wp-content\/uploads\/2024\/09\/Alberto-Tome-2-OK1-357x357.jpg 357w, https:\/\/madridmarcha.com\/wp-content\/uploads\/2024\/09\/Alberto-Tome-2-OK1-745x744.jpg 745w, https:\/\/madridmarcha.com\/wp-content\/uploads\/2024\/09\/Alberto-Tome-2-OK1-365x365.jpg 365w\" sizes=\"auto, (max-width: 1600px) 100vw, 1600px\" \/><\/figure>\n\n\n\n<p><strong>MM: En la segunda edici\u00f3n vimos multitud de banderas de los pa\u00edses de los marchadores.&nbsp;\u00bfEs Madrid Marcha una oportunidad para que esos inmigrantes ecuatorianos, peruanos, chinos, etc., que residen en la Comunidad se reencuentren con los atletas de sus respectivos pa\u00edses?<\/strong><\/p>\n\n\n\n<p><strong>AT: <\/strong>Madrid Marcha es un evento para el encuentro, tal y como entendemos la vida y como la vivimos en la Comunidad de Madrid. De manera abierta, mestiza, respetuosa\u2026 qu\u00e9 mejor oportunidad de vivir este mestizaje que este evento en el que, por encima de todo, est\u00e1 el reconocimiento al esfuerzo, al trabajo, a la entrega de los deportistas, vengan de donde vengan, junto a sus aficiones. De todos ellos siempre aprendemos y el conocimiento nos iguala. En definitiva, los valores del deporte nos hermanan y celebramos esta &#8216;comuni\u00f3n&#8217; multicultural y multirracial marchando con el deporte por bandera. &nbsp;<\/p>\n\n\n\n<p><strong>MM: Esta tercera edici\u00f3n servir\u00e1 tambi\u00e9n para rendir homenaje a \u00c1lvaro Mart\u00edn, que se retira del atletismo como doble medallista ol\u00edmpico y bicampe\u00f3n del mundo de marcha. \u00bfEs \u00e9ste un motivo a\u00f1adido para que las aceras de la Gran V\u00eda se llenen de aficionados?<\/strong><\/p>\n\n\n\n<p><strong>AT: <\/strong>No hay palabras de reconocimiento suficientes para definir lo que ha supuesto el paso de \u00c1lvaro Mart\u00edn y Mar\u00eda P\u00e9rez por los Juegos Ol\u00edmpicos. Todo, absolutamente todo en ellos, ha sido una lecci\u00f3n magistral para la escuela de vida que es el deporte. Desde el \u00e9xito deportivo que m\u00e1s de media Espa\u00f1a vivimos y disfrutamos, siguiendo cada paso que daban hasta la meta, en individual y en relevo mixto, hasta sus testimonios. Cuando \u00c1lvaro, aun sec\u00e1ndose el sudor, hac\u00eda un balance de su vida, recordaba sus or\u00edgenes, el esfuerzo para sacar adelante sus estudios&#8230; hablaba de su recorrido vital, pero tambi\u00e9n ejemplificaba el trabajazo, las renuncias, la entrega que los deportistas hacen por alcanzar un sue\u00f1o que realmente todos perseguimos emocionalmente porque de alguna manera nos sentimos representados en ellos. Por eso estoy convencido de que, en este merecido homenaje, \u00c1lvaro va a sentir cu\u00e1nto se le quiere y admira en la Comunidad de Madrid.<\/p>\n\n\n\n<figure class=\"wp-block-image size-large\"><img loading=\"lazy\" decoding=\"async\" width=\"1024\" height=\"683\" src=\"https:\/\/madridmarcha.com\/wp-content\/uploads\/2024\/09\/GR7C6109-1024x683.jpg\" alt=\"\" class=\"wp-image-6828\" srcset=\"https:\/\/madridmarcha.com\/wp-content\/uploads\/2024\/09\/GR7C6109-1024x683.jpg 1024w, https:\/\/madridmarcha.com\/wp-content\/uploads\/2024\/09\/GR7C6109-300x200.jpg 300w, https:\/\/madridmarcha.com\/wp-content\/uploads\/2024\/09\/GR7C6109-768x512.jpg 768w, https:\/\/madridmarcha.com\/wp-content\/uploads\/2024\/09\/GR7C6109-1536x1024.jpg 1536w, https:\/\/madridmarcha.com\/wp-content\/uploads\/2024\/09\/GR7C6109-2048x1366.jpg 2048w, https:\/\/madridmarcha.com\/wp-content\/uploads\/2024\/09\/GR7C6109-18x12.jpg 18w, https:\/\/madridmarcha.com\/wp-content\/uploads\/2024\/09\/GR7C6109-370x247.jpg 370w, https:\/\/madridmarcha.com\/wp-content\/uploads\/2024\/09\/GR7C6109-745x497.jpg 745w, https:\/\/madridmarcha.com\/wp-content\/uploads\/2024\/09\/GR7C6109-365x243.jpg 365w\" sizes=\"auto, (max-width: 1024px) 100vw, 1024px\" \/><\/figure>\n\n\n\n<p><strong>MM: Como apuntaba hace un momento, la prueba ser\u00e1 emitida por LaOtra de Telemadrid.&nbsp;\u00bfQu\u00e9 valoraci\u00f3n hace del papel de la cadena p\u00fablica a la hora de aproximar el deporte a los madrile\u00f1os?<\/strong><\/p>\n\n\n\n<p><strong>AT: La <\/strong>retransmisi\u00f3n en directo de LaOtra de Telemadrid permitir\u00e1 que Madrid Marcha pueda llegar a todos los aficionados. Les recomiendo que no se la pierdan porque es una gran oportunidad para hacer un seguimiento visualmente muy espectacular de los marchadores. Telemadrid ha apostado decididamente por los contenidos deportivos como esta prueba de Madrid Marcha y, desde la Comunidad de Madrid, celebramos que, adem\u00e1s, est\u00e9 retransmitiendo competiciones de deportes m\u00e1s minoritarios o con menos repercusi\u00f3n medi\u00e1tica pero que tienen much\u00edsimos seguidores. Adem\u00e1s, con la colaboraci\u00f3n de la Comunidad de Madrid, ha iniciado una programaci\u00f3n mucho m\u00e1s potente, incluyendo un programa los s\u00e1bados por la ma\u00f1ana, <em>La Casa del Deporte<\/em>, que permite conocer a fondo a todos los deportistas madrile\u00f1os, con nombres y apellidos, y saber c\u00f3mo entrenan, c\u00f3mo trabajan, para seguir siendo el orgullo de la Comunidad de Madrid. Todos ellos son para nosotros verdaderos campeones y ejemplo para todos esos ni\u00f1os y j\u00f3venes que alg\u00fan d\u00eda, como ellos, ser\u00e1n quienes representen el mejor deporte de la regi\u00f3n.<\/p>","protected":false},"excerpt":{"rendered":"<p>El circuito mundial de marcha atl\u00e9tica (World Race Walking Tour) se cierra el pr\u00f3ximo domingo 6 de octubre con el Gran Premio Internacional Madrid Marcha Silb\u00f6 Telecom, Cita de Campeones, prueba de categor\u00eda Gold que cumple su tercera edici\u00f3n y que de nuevo volver\u00e1 a disputarse en un escenario id\u00edlico como es&hellip;<\/p>","protected":false},"author":990003,"featured_media":6830,"comment_status":"closed","ping_status":"open","sticky":false,"template":"","format":"standard","meta":{"footnotes":""},"categories":[5],"tags":[],"class_list":["post-6823","post","type-post","status-publish","format-standard","has-post-thumbnail","hentry","category-portada"],"_links":{"self":[{"href":"https:\/\/madridmarcha.com\/en\/wp-json\/wp\/v2\/posts\/6823","targetHints":{"allow":["GET"]}}],"collection":[{"href":"https:\/\/madridmarcha.com\/en\/wp-json\/wp\/v2\/posts"}],"about":[{"href":"https:\/\/madridmarcha.com\/en\/wp-json\/wp\/v2\/types\/post"}],"author":[{"embeddable":true,"href":"https:\/\/madridmarcha.com\/en\/wp-json\/wp\/v2\/users\/990003"}],"replies":[{"embeddable":true,"href":"https:\/\/madridmarcha.com\/en\/wp-json\/wp\/v2\/comments?post=6823"}],"version-history":[{"count":4,"href":"https:\/\/madridmarcha.com\/en\/wp-json\/wp\/v2\/posts\/6823\/revisions"}],"predecessor-version":[{"id":6834,"href":"https:\/\/madridmarcha.com\/en\/wp-json\/wp\/v2\/posts\/6823\/revisions\/6834"}],"wp:featuredmedia":[{"embeddable":true,"href":"https:\/\/madridmarcha.com\/en\/wp-json\/wp\/v2\/media\/6830"}],"wp:attachment":[{"href":"https:\/\/madridmarcha.com\/en\/wp-json\/wp\/v2\/media?parent=6823"}],"wp:term":[{"taxonomy":"category","embeddable":true,"href":"https:\/\/madridmarcha.com\/en\/wp-json\/wp\/v2\/categories?post=6823"},{"taxonomy":"post_tag","embeddable":true,"href":"https:\/\/madridmarcha.com\/en\/wp-json\/wp\/v2\/tags?post=6823"}],"curies":[{"name":"wp","href":"https:\/\/api.w.org\/{rel}","templated":true}]}}