{"id":6818,"date":"2024-09-27T20:09:36","date_gmt":"2024-09-27T19:09:36","guid":{"rendered":"https:\/\/madridmarcha.com\/?p=6818"},"modified":"2024-09-27T20:10:18","modified_gmt":"2024-09-27T19:10:18","slug":"presentado-el-iii-gran-premio-internacional-madrid-marcha-silbo-telecom-con-el-lema-madrid-marcha-da-la-nota","status":"publish","type":"post","link":"https:\/\/madridmarcha.com\/en\/2024\/09\/27\/presentado-el-iii-gran-premio-internacional-madrid-marcha-silbo-telecom-con-el-lema-madrid-marcha-da-la-nota\/","title":{"rendered":"Presentado el III Gran Premio Internacional Madrid Marcha Silb\u00f6 Telecom con el lema &#8216;Madrid Marcha da la nota&#8217;"},"content":{"rendered":"<p>La tercera edici\u00f3n del Gran Premio Internacional Madrid Marcha, Cita de Campeones -prueba de categor\u00eda Gold que este a\u00f1o cierra el World Race Walking Tour (circuito mundial de marcha)- ha sido presentada hoy en CasaClub Madrid con el lema \u2018Madrid Marcha da la nota\u2019.<\/p>\n\n\n\n<p>La carrera, que se disputar\u00e1 el pr\u00f3ximo domingo 6 de octubre en la Gran V\u00eda madrile\u00f1a, cuenta a partir de ahora con una novedad importante, pues pasa a tener como patrocinador principal a Silb\u00f6 Telecom, compa\u00f1\u00eda de telecomunicaciones cien por cien espa\u00f1ola que vio la luz hace menos de un a\u00f1o. De esta forma, la prueba pasa a denominarse oficialmente Gran Premio Internacional Madrid Marcha Silb\u00f6 Telecom.<\/p>\n\n\n\n<p>La presentaci\u00f3n celebrada en CasaClub ha estado conducida por el periodista Alberto Hern\u00e1ndez, redactor jefe de la revista \u2018Corredor\u2019 y considerado como la voz del atletismo en Espa\u00f1a. En el acto han intervenido los marchadores Diego Garc\u00eda Carrera -promotor y director t\u00e9cnico del Gran Premio Internacional Madrid Marcha Silb\u00f6 Telecom- y Laura Garc\u00eda-Caro, adem\u00e1s de Gorka Au\u00f1\u00f3n, director de marketing (CMO) de Silb\u00f6 Telecom; Ricardo Echeita, subdirector general de Estudios y Formaci\u00f3n Deportiva de la Comunidad de Madrid (CAM); Gregorio Ram\u00edrez Arias,director general de Deporte del Ayuntamiento de Madrid; y el periodista Javier Callejo, director de Deportes de Telemadrid y gran aficionado al atletismo.<\/p>\n\n\n\n<p class=\"has-medium-font-size\"><strong>\u201cLa cita m\u00e1s bonita del calendario mundial\u201d<\/strong><\/p>\n\n\n\n<p>Garc\u00eda Carrera, que adem\u00e1s de marchador y director del Gran Premio Internacional Madrid Marcha Silb\u00f6 Telecom tambi\u00e9n es un destacado m\u00fasico -toca el tromb\u00f3n en la banda \u2018Clandestina Big Band\u2019-, ha afirmado que Madrid Marcha es \u201csin duda alguna la cita m\u00e1s bonita del calendario mundial\u201d. \u201cEs un sue\u00f1o hecho realidad porque llevamos a la Gran V\u00eda una prueba del circuito mundial, cuidando todos los detalles que sabemos que se necesitan y poniendo la marcha al alcance de todos (\u2026) Es una gran oportunidad para poder disfrutar de un espect\u00e1culo de primer nivel, gratis y al lado de casa\u201d, ha se\u00f1alado el atleta madrile\u00f1o sobre esta prueba Gold del World Race Walking Tour, organizada por la empresa de eventos deportivos G2O Publisport y que de nuevo volver\u00e1 a constar de tres carreras: una conjunta en categor\u00edas sub-12 (2km) y sub-14 y sub-16 (3km), otra de 5km en sub-18 y sub-20 y, el plato fuerte, la de 10km en categor\u00eda absoluta (conjunta masculino y femenino, con clasificaciones separadas).<\/p>\n\n\n\n<figure class=\"wp-block-image size-large\"><img loading=\"lazy\" decoding=\"async\" width=\"1024\" height=\"682\" src=\"https:\/\/madridmarcha.com\/wp-content\/uploads\/2024\/09\/image00012-1024x682.jpeg\" alt=\"\" class=\"wp-image-6820\" srcset=\"https:\/\/madridmarcha.com\/wp-content\/uploads\/2024\/09\/image00012-1024x682.jpeg 1024w, https:\/\/madridmarcha.com\/wp-content\/uploads\/2024\/09\/image00012-300x200.jpeg 300w, https:\/\/madridmarcha.com\/wp-content\/uploads\/2024\/09\/image00012-768x512.jpeg 768w, https:\/\/madridmarcha.com\/wp-content\/uploads\/2024\/09\/image00012-1536x1023.jpeg 1536w, https:\/\/madridmarcha.com\/wp-content\/uploads\/2024\/09\/image00012-2048x1364.jpeg 2048w, https:\/\/madridmarcha.com\/wp-content\/uploads\/2024\/09\/image00012-18x12.jpeg 18w, https:\/\/madridmarcha.com\/wp-content\/uploads\/2024\/09\/image00012-370x247.jpeg 370w, https:\/\/madridmarcha.com\/wp-content\/uploads\/2024\/09\/image00012-745x496.jpeg 745w, https:\/\/madridmarcha.com\/wp-content\/uploads\/2024\/09\/image00012-365x243.jpeg 365w\" sizes=\"auto, (max-width: 1024px) 100vw, 1024px\" \/><\/figure>\n\n\n\n<p>Asimismo, Garc\u00eda Carrera ha anunciado que el evento ser\u00e1 transmitido este a\u00f1o en directo por Telemadrid y LaLiga+, mientras que Alberto Hern\u00e1ndez ha confirmado la participaci\u00f3n en esta tercera edici\u00f3n de algunas estrellas de la marcha mundial como el espa\u00f1ol Paul McGrath, el sueco Perseus Karlstr\u00f6m y el italiano Francesco Fortunato, estos dos \u00faltimos campeones de las dos primeras ediciones.<\/p>\n\n\n\n<p class=\"has-medium-font-size\"><strong>Homenaje a \u00c1lvaro Mart\u00edn<\/strong><\/p>\n\n\n\n<p>Igualmente, en esta ocasi\u00f3n se rendir\u00e1 un merecido homenaje en la Gran V\u00eda al marchador extreme\u00f1o \u00c1lvaro Mart\u00edn, campe\u00f3n ol\u00edmpico, mundial y europeo, que recientemente ha anunciado su retirada de la alta competici\u00f3n a los 30 a\u00f1os de edad.<\/p>\n\n\n\n<p>Por su parte, Gorka Au\u00f1\u00f3n ha dicho en el acto celebrado en CasaClub que a Silb\u00f6 Telecom, compa\u00f1\u00eda que tambi\u00e9n es patrocinadora principal (main sponsor) de la selecci\u00f3n espa\u00f1ola de f\u00fatbol -campeona de la Eurocopa 2024 disputada en Alemania- y de clubes como el C\u00e1diz CF, Levante UD y CB Silb\u00f6 San Pablo Burgos, le gusta patrocinar a varias instituciones deportivas y en este caso concreto al Gran Premio Internacional Madrid Marcha Silb\u00f6 Telecom porque se trata de \u201cuna s\u00faper prueba\u201d. \u201cEn menos de un a\u00f1o hemos conseguido varios \u00e9xitos, como ser premiados como Mejor Lanzamiento de una OMV (Operadora M\u00f3vil Virtual) en Espa\u00f1a, y hemos llegado a los 80.000 clientes en apenas cinco meses. Pero esto es una carrera de fondo y con cualquier distracci\u00f3n te puedes acabar quedando en el vag\u00f3n de cola. Como los deportistas, en Silb\u00f6 Telecom tambi\u00e9n somos bastante ambiciosos y siempre queremos m\u00e1s\u201d.<\/p>\n\n\n\n<p>Javier Callejo dice tener \u201cmucha ilusi\u00f3n por participar en la puesta en marcha de esta tercera edici\u00f3n de Madrid Marcha. El a\u00f1o pasado en Telemadrid realizamos 150 retransmisiones deportivas y este a\u00f1o vamos a superar las 400. Quer\u00edamos estar todav\u00eda un poco m\u00e1s presentes en el mundo del atletismo y no pod\u00edamos dejar escapar esta oportunidad del Gran Premio Internacional Madrid Marcha Silb\u00f6 Telecom, donde sus dos pilares, Diego Garc\u00eda Carrera y Gerardo Gonz\u00e1lez (CEO de G2O Publisport), demuestran la profesionalidad del proyecto delante de la c\u00e1mara y la honradez detr\u00e1s de ella, y es por ello por lo que Telemadrid tiene que apostar por esta prueba de Madrid Marcha\u201d.<\/p>\n\n\n\n<figure class=\"wp-block-image size-large\"><img loading=\"lazy\" decoding=\"async\" width=\"1024\" height=\"682\" src=\"https:\/\/madridmarcha.com\/wp-content\/uploads\/2024\/09\/image00006-1024x682.jpeg\" alt=\"\" class=\"wp-image-6821\" srcset=\"https:\/\/madridmarcha.com\/wp-content\/uploads\/2024\/09\/image00006-1024x682.jpeg 1024w, https:\/\/madridmarcha.com\/wp-content\/uploads\/2024\/09\/image00006-300x200.jpeg 300w, https:\/\/madridmarcha.com\/wp-content\/uploads\/2024\/09\/image00006-768x512.jpeg 768w, https:\/\/madridmarcha.com\/wp-content\/uploads\/2024\/09\/image00006-1536x1023.jpeg 1536w, https:\/\/madridmarcha.com\/wp-content\/uploads\/2024\/09\/image00006-2048x1365.jpeg 2048w, https:\/\/madridmarcha.com\/wp-content\/uploads\/2024\/09\/image00006-18x12.jpeg 18w, https:\/\/madridmarcha.com\/wp-content\/uploads\/2024\/09\/image00006-370x247.jpeg 370w, https:\/\/madridmarcha.com\/wp-content\/uploads\/2024\/09\/image00006-745x496.jpeg 745w, https:\/\/madridmarcha.com\/wp-content\/uploads\/2024\/09\/image00006-365x243.jpeg 365w\" sizes=\"auto, (max-width: 1024px) 100vw, 1024px\" \/><\/figure>\n\n\n\n<p>Para Laura Garc\u00eda-Caro, \u201cla Gran V\u00eda es un circuito muy duro, pero tambi\u00e9n muy bonito. No pod\u00eda faltar a esa cita, pero me sigue sorprendiendo que se cumpla ya la tercera edici\u00f3n\u201d. Adem\u00e1s, la marchadora onubense lamenta que \u201cen Espa\u00f1a se sabe de marcha mucho menos de lo que se deber\u00eda, pero al final es una especialidad que todo el mundo acaba disfrutando much\u00edsimo (\u2026) Es un sue\u00f1o volver a estar compitiendo muy alto, no se valora lo que se tiene hasta que se pierde\u201d.<\/p>\n\n\n\n<p class=\"has-medium-font-size\"><strong>La Gran V\u00eda, \u201cenvidia de otras ciudades\u201d<\/strong><\/p>\n\n\n\n<p>Gregorio Ram\u00edrez Arias, como representante del Ayuntamiento de Madrid, ha asegurado que la \u201cGran V\u00eda es el mejor escenario posible, un escenario internacional que es mundialmente conocido y es la envidia de otras ciudades. Todos quieren pasar por la Gran V\u00eda\u201d.<\/p>\n\n\n\n<p>Ricardo Echeita ha se\u00f1alado que \u201cla Comunidad de Madrid tiene que ir de la mano de estos proyectos y ayudar a que salgan adelante. Estamos emocionados con nuestro trabajo, pero esto m\u00e1s que un trabajo es un placer. Diego (Garc\u00eda Carrera) es un enorme seductor y cuando entr\u00f3 por la puerta de mi despacho para venderme su proyecto, tuvimos qu\u00edmica desde el minuto uno. A esta prueba no se le puede decir que no\u201d.<\/p>\n\n\n\n<p class=\"has-medium-font-size\"><strong>Impacto en los medios<\/strong><\/p>\n\n\n\n<p>Como muestra de la importancia del Gran Premio Internacional Madrid Marcha Silb\u00f6 Telecom, cabe destacar que el primer a\u00f1o (2022) tuvo 79 millones de impactos en medios de comunicaci\u00f3n, mientras que en 2023 se elev\u00f3 a los 390 millones, seg\u00fan ha destacado Alberto Hern\u00e1ndez al final de un acto que estuvo amenizado por las canciones interpretadas por la banda \u2018Clandestina Big Band\u2019 y al que igualmente acudieron el presidente de la Federaci\u00f3n de Atletismo de Madrid, Isidro Arranz, y el presidente de la Asociaci\u00f3n de la Prensa Deportiva de Madrid (APDM), Jos\u00e9 Dami\u00e1n Gonz\u00e1lez.<\/p>\n\n\n\n<p>Una vez m\u00e1s, \u2018Madrid Marcha da la nota\u2019. La prueba ya ha empezado a andar con la presentaci\u00f3n en CasaClub y el plato fuerte ser\u00e1 sin duda la celebraci\u00f3n del Gran Premio Internacional Madrid Marcha Silb\u00f6 Telecom, de nuevo en la Gran V\u00eda madrile\u00f1a y con los mejores marchadores del mundo sobre el asfalto de una las calles m\u00e1s ic\u00f3nicas de todo el mundo.<\/p>","protected":false},"excerpt":{"rendered":"<p>La tercera edici\u00f3n del Gran Premio Internacional Madrid Marcha, Cita de Campeones -prueba de categor\u00eda Gold que este a\u00f1o cierra el World Race Walking Tour (circuito mundial de marcha)- ha sido presentada hoy en CasaClub Madrid con el lema \u2018Madrid Marcha da la nota\u2019. La carrera, que se disputar\u00e1 el pr\u00f3ximo domingo&hellip;<\/p>","protected":false},"author":990003,"featured_media":6819,"comment_status":"closed","ping_status":"open","sticky":false,"template":"","format":"standard","meta":{"footnotes":""},"categories":[5],"tags":[],"class_list":["post-6818","post","type-post","status-publish","format-standard","has-post-thumbnail","hentry","category-portada"],"_links":{"self":[{"href":"https:\/\/madridmarcha.com\/en\/wp-json\/wp\/v2\/posts\/6818","targetHints":{"allow":["GET"]}}],"collection":[{"href":"https:\/\/madridmarcha.com\/en\/wp-json\/wp\/v2\/posts"}],"about":[{"href":"https:\/\/madridmarcha.com\/en\/wp-json\/wp\/v2\/types\/post"}],"author":[{"embeddable":true,"href":"https:\/\/madridmarcha.com\/en\/wp-json\/wp\/v2\/users\/990003"}],"replies":[{"embeddable":true,"href":"https:\/\/madridmarcha.com\/en\/wp-json\/wp\/v2\/comments?post=6818"}],"version-history":[{"count":1,"href":"https:\/\/madridmarcha.com\/en\/wp-json\/wp\/v2\/posts\/6818\/revisions"}],"predecessor-version":[{"id":6822,"href":"https:\/\/madridmarcha.com\/en\/wp-json\/wp\/v2\/posts\/6818\/revisions\/6822"}],"wp:featuredmedia":[{"embeddable":true,"href":"https:\/\/madridmarcha.com\/en\/wp-json\/wp\/v2\/media\/6819"}],"wp:attachment":[{"href":"https:\/\/madridmarcha.com\/en\/wp-json\/wp\/v2\/media?parent=6818"}],"wp:term":[{"taxonomy":"category","embeddable":true,"href":"https:\/\/madridmarcha.com\/en\/wp-json\/wp\/v2\/categories?post=6818"},{"taxonomy":"post_tag","embeddable":true,"href":"https:\/\/madridmarcha.com\/en\/wp-json\/wp\/v2\/tags?post=6818"}],"curies":[{"name":"wp","href":"https:\/\/api.w.org\/{rel}","templated":true}]}}