{"id":6814,"date":"2024-09-27T14:08:39","date_gmt":"2024-09-27T13:08:39","guid":{"rendered":"https:\/\/madridmarcha.com\/?p=6814"},"modified":"2024-09-27T14:09:28","modified_gmt":"2024-09-27T13:09:28","slug":"silbo-telecom-nuevo-patrocinador-principal-del-gran-premio-internacional-madrid-marcha","status":"publish","type":"post","link":"https:\/\/madridmarcha.com\/en\/2024\/09\/27\/silbo-telecom-nuevo-patrocinador-principal-del-gran-premio-internacional-madrid-marcha\/","title":{"rendered":"Silb\u00f6 Telecom, nuevo patrocinador principal del Gran Premio Internacional Madrid Marcha"},"content":{"rendered":"<p><strong>Silb\u00f6 Telecom<\/strong>, compa\u00f1\u00eda de telecomunicaciones cien por cien espa\u00f1ola que vio la luz hace menos de un a\u00f1o, se ha convertido en nuevo patrocinador principal del <strong>Gran Premio Internacional Madrid Marcha, Cita de Campeones<\/strong>.<\/p>\n\n\n\n<p>De esta forma, la prueba, de categor\u00eda Gold y que este a\u00f1o cierra el World Race Walking Tour (circuito mundial de marcha), pasa a denominarse oficialmente <strong>Gran Premio Internacional Madrid Marcha Silb\u00f6 Telecom<\/strong>.<\/p>\n\n\n\n<p>La tercera edici\u00f3n del Gran Premio Internacional Madrid Marcha Silb\u00f6 Telecom se disputar\u00e1 el pr\u00f3ximo <strong>domingo 6 de octubre en la Gran V\u00eda<\/strong> de la capital espa\u00f1ola. De nuevo la carrera constar\u00e1 de tres pruebas: una carrera conjunta en categor\u00edas sub-12 (2km) y sub-14 y sub-16 (3km), otra de 5km en sub-18 y sub-20 y, el plato fuerte, la de 10km en categor\u00eda absoluta (conjunta masculino y femenino, con clasificaciones separadas).<\/p>\n\n\n\n<figure class=\"wp-block-image size-full\"><img loading=\"lazy\" decoding=\"async\" width=\"645\" height=\"910\" src=\"https:\/\/madridmarcha.com\/wp-content\/uploads\/2024\/09\/Cartel-III-GPI-Madrid-Marcha-Silbo-Telecom.png\" alt=\"\" class=\"wp-image-6816\" srcset=\"https:\/\/madridmarcha.com\/wp-content\/uploads\/2024\/09\/Cartel-III-GPI-Madrid-Marcha-Silbo-Telecom.png 645w, https:\/\/madridmarcha.com\/wp-content\/uploads\/2024\/09\/Cartel-III-GPI-Madrid-Marcha-Silbo-Telecom-213x300.png 213w, https:\/\/madridmarcha.com\/wp-content\/uploads\/2024\/09\/Cartel-III-GPI-Madrid-Marcha-Silbo-Telecom-9x12.png 9w, https:\/\/madridmarcha.com\/wp-content\/uploads\/2024\/09\/Cartel-III-GPI-Madrid-Marcha-Silbo-Telecom-370x522.png 370w, https:\/\/madridmarcha.com\/wp-content\/uploads\/2024\/09\/Cartel-III-GPI-Madrid-Marcha-Silbo-Telecom-365x515.png 365w\" sizes=\"auto, (max-width: 645px) 100vw, 645px\" \/><\/figure>\n\n\n\n<p>Desde su estreno en marzo de 2024, Silb\u00f6 se ha convertido, mes tras mes, en el Operador M\u00f3vil Virtual l\u00edder en portabilidades netas y aspira a convertirse en el OMV l\u00edder del mercado.<\/p>\n\n\n\n<p>Silb\u00f6 Telecom es desde el pasado mes de junio patrocinador principal (main sponsor) de la selecci\u00f3n espa\u00f1ola de f\u00fatbol, cuyo equipo masculino absoluto gan\u00f3 semanas despu\u00e9s la Eurocopa 2024 disputada en Alemania. Adem\u00e1s, esta compa\u00f1\u00eda tambi\u00e9n patrocina a los clubes de futbol C\u00e1diz CF y Levante UD, de LaLiga Hypermotion, y al equipo de baloncesto CB Silb\u00f6 San Pablo Burgos, que milita en la liga LEB Oro.<\/p>","protected":false},"excerpt":{"rendered":"<p>Silb\u00f6 Telecom, compa\u00f1\u00eda de telecomunicaciones cien por cien espa\u00f1ola que vio la luz hace menos de un a\u00f1o, se ha convertido en nuevo patrocinador principal del Gran Premio Internacional Madrid Marcha, Cita de Campeones. De esta forma, la prueba, de categor\u00eda Gold y que este a\u00f1o cierra el World Race Walking Tour&hellip;<\/p>","protected":false},"author":990003,"featured_media":6815,"comment_status":"closed","ping_status":"open","sticky":false,"template":"","format":"standard","meta":{"footnotes":""},"categories":[5,1],"tags":[],"class_list":["post-6814","post","type-post","status-publish","format-standard","has-post-thumbnail","hentry","category-portada","category-uncategorized"],"_links":{"self":[{"href":"https:\/\/madridmarcha.com\/en\/wp-json\/wp\/v2\/posts\/6814","targetHints":{"allow":["GET"]}}],"collection":[{"href":"https:\/\/madridmarcha.com\/en\/wp-json\/wp\/v2\/posts"}],"about":[{"href":"https:\/\/madridmarcha.com\/en\/wp-json\/wp\/v2\/types\/post"}],"author":[{"embeddable":true,"href":"https:\/\/madridmarcha.com\/en\/wp-json\/wp\/v2\/users\/990003"}],"replies":[{"embeddable":true,"href":"https:\/\/madridmarcha.com\/en\/wp-json\/wp\/v2\/comments?post=6814"}],"version-history":[{"count":1,"href":"https:\/\/madridmarcha.com\/en\/wp-json\/wp\/v2\/posts\/6814\/revisions"}],"predecessor-version":[{"id":6817,"href":"https:\/\/madridmarcha.com\/en\/wp-json\/wp\/v2\/posts\/6814\/revisions\/6817"}],"wp:featuredmedia":[{"embeddable":true,"href":"https:\/\/madridmarcha.com\/en\/wp-json\/wp\/v2\/media\/6815"}],"wp:attachment":[{"href":"https:\/\/madridmarcha.com\/en\/wp-json\/wp\/v2\/media?parent=6814"}],"wp:term":[{"taxonomy":"category","embeddable":true,"href":"https:\/\/madridmarcha.com\/en\/wp-json\/wp\/v2\/categories?post=6814"},{"taxonomy":"post_tag","embeddable":true,"href":"https:\/\/madridmarcha.com\/en\/wp-json\/wp\/v2\/tags?post=6814"}],"curies":[{"name":"wp","href":"https:\/\/api.w.org\/{rel}","templated":true}]}}