{"id":6780,"date":"2024-09-16T11:22:05","date_gmt":"2024-09-16T10:22:05","guid":{"rendered":"https:\/\/madridmarcha.com\/?p=6780"},"modified":"2024-09-16T14:59:26","modified_gmt":"2024-09-16T13:59:26","slug":"almeida-madrid-destaca-en-muchas-cosas-pero-el-deporte-es-un-eje-fundamental","status":"publish","type":"post","link":"https:\/\/madridmarcha.com\/en\/2024\/09\/16\/almeida-madrid-destaca-en-muchas-cosas-pero-el-deporte-es-un-eje-fundamental\/","title":{"rendered":"Almeida: &#8220;Madrid destaca en muchas cosas, pero el deporte es un eje fundamental&#8221;"},"content":{"rendered":"<p>El alcalde de Madrid, <strong>Jos\u00e9 Luis Mart\u00ednez-Almeida<\/strong>, ha concedido una entrevista al gabinete de comunicaci\u00f3n del<strong> Gran Premio Internacional Madrid Marcha, Cita de Campeones<\/strong>, en la que habla sobre esta prueba (que el pr\u00f3ximo domingo 6 de octubre celebrar\u00e1 su tercera edici\u00f3n en la Gran V\u00eda) y de la implicaci\u00f3n del Ayuntamiento que preside en el deporte, entre otros asuntos.<\/p>\n\n\n\n<p>Almeida dice que \u201ces una gran noticia para Madrid que esta prueba se celebre <strong>por tercer a\u00f1o consecutivo en una de las arterias principales de la ciudad como es la Gran V\u00eda<\/strong>. No puede haber una pista mejor para que reconocidos deportistas de la marcha atl\u00e9tica compitan. Como en anteriores ocasiones, estoy seguro de que muchos madrile\u00f1os se acercar\u00e1n a animar a los deportistas participantes el pr\u00f3ximo 6 de octubre\u201d.<\/p>\n\n\n\n<p>Y es que Madrid mantiene un gran idilio con el deporte. De hecho, la ciudad fue <strong>Capital Mundial del Deporte en 2022 <\/strong>y sigue ofreciendo al p\u00fablico un amplio abanico de eventos de primer nivel internacional. Entre ellas est\u00e1 Madrid Marcha, <strong>prueba de categor\u00eda Gold que este a\u00f1o cierra el World Race WalkingTour<\/strong> (circuito mundial de marcha), dos meses despu\u00e9s de la disputa de los Juegos Ol\u00edmpicos de Par\u00eds 2024.<\/p>\n\n\n\n<p class=\"has-medium-font-size\"><strong>\u201cLa ciudad en la que todo pasa\u201d<\/strong><\/p>\n\n\n\n<p>\u201cMadrid es la ciudad en la que todo pasa. Sucede en todos los \u00e1mbitos, pero especialmente en el deportivo. Tenemos grandes infraestructuras y una<strong> agenda de actividades y eventos deportivos incomparable<\/strong>. Eso hay que ponerlo en valor cada d\u00eda y siempre que tengamos oportunidad, como hacemos con la celebraci\u00f3n de esta prueba\u201d, dice el alcalde sobre Madrid Marcha, cuyo director t\u00e9cnico es el marchador <strong>Diego Garc\u00eda Carrera<\/strong>.<\/p>\n\n\n\n<p>Asimismo, Almeida afirma que el deporte es uno de los \u201cejes fundamentales\u201d para el Ayuntamiento de la capital. \u201cCreemos que all\u00ed donde se fomente el deporte, entendido como una sana competici\u00f3n o simplemente una pr\u00e1ctica recreativa, el Ayuntamiento tiene que estar presente. Madrid destaca en muchas cosas, pero<strong> uno de nuestros ejes fundamentales es el deporte<\/strong>, tanto la competici\u00f3n de alto nivel como las citas m\u00e1s populares. Por eso consideramos que <strong>el apoyo institucional para este tipo de iniciativas est\u00e1 m\u00e1s que justificado<\/strong>\u201d, explica al respecto.<\/p>\n\n\n\n<figure class=\"wp-block-image size-large\"><img loading=\"lazy\" decoding=\"async\" width=\"1024\" height=\"683\" src=\"https:\/\/madridmarcha.com\/wp-content\/uploads\/2024\/09\/image00002-1024x683.jpeg\" alt=\"\" class=\"wp-image-6781\" srcset=\"https:\/\/madridmarcha.com\/wp-content\/uploads\/2024\/09\/image00002-1024x683.jpeg 1024w, https:\/\/madridmarcha.com\/wp-content\/uploads\/2024\/09\/image00002-300x200.jpeg 300w, https:\/\/madridmarcha.com\/wp-content\/uploads\/2024\/09\/image00002-768x512.jpeg 768w, https:\/\/madridmarcha.com\/wp-content\/uploads\/2024\/09\/image00002-1536x1024.jpeg 1536w, https:\/\/madridmarcha.com\/wp-content\/uploads\/2024\/09\/image00002-2048x1365.jpeg 2048w, https:\/\/madridmarcha.com\/wp-content\/uploads\/2024\/09\/image00002-18x12.jpeg 18w, https:\/\/madridmarcha.com\/wp-content\/uploads\/2024\/09\/image00002-370x247.jpeg 370w, https:\/\/madridmarcha.com\/wp-content\/uploads\/2024\/09\/image00002-745x497.jpeg 745w, https:\/\/madridmarcha.com\/wp-content\/uploads\/2024\/09\/image00002-365x243.jpeg 365w\" sizes=\"auto, (max-width: 1024px) 100vw, 1024px\" \/><\/figure>\n\n\n\n<p class=\"has-small-font-size\"><em>Jos\u00e9 Luis Mart\u00ednez-Almeida. | Foto: Ayuntamiento de Madrid<\/em><\/p>\n\n\n\n<p class=\"has-medium-font-size\"><strong>\u201cMadrid es deporte\u201d<\/strong><\/p>\n\n\n\n<p>\u201cMadrid est\u00e1 <strong>comprometida con el deporte porque Madrid es deporte<\/strong>\u201d, ahonda el alcalde. \u201cNuestra ciudad es ya un referente mundial en grandes eventos deportivos, en el fomento del deporte de base y tambi\u00e9n en la celebraci\u00f3n de pruebas de alto nivel. Ponemos todas las facilidades posibles que est\u00e1n en nuestra mano para que la pr\u00e1ctica deportiva a todos los niveles sea una de nuestras se\u00f1as de identidad\u201d, asegura Almeida, que apunta que \u201cla marcha atl\u00e9tica y el atletismo en general ocupan<strong> un lugar destacado en nuestro af\u00e1n por difundir este deporte<\/strong>\u201d.<\/p>\n\n\n\n<p>Adem\u00e1s, Almeida mantiene su apuesta por la <strong>colaboraci\u00f3n p\u00fablico-privada<\/strong>, especialmente \u201ccuando repercute en beneficio de los ciudadanos y en el desarrollo de iniciativas que fomenten la competici\u00f3n deportiva como Madrid Marcha\u201d. \u201cCuando trabajamos unidos por un proyecto que es bueno para Madrid, el resultado es un \u00e9xito para todos\u201d, sostiene.<\/p>\n\n\n\n<p>Por \u00faltimo, el regidor lanza un <strong>mensaje al p\u00fablico, tanto madrile\u00f1o como visitante<\/strong>, para que acuda a la Gran V\u00eda para presenciar el III Gran Premio Internacional Madrid Marcha, Cita de Campeones. \u201cEl domingo 6 de octubre tenemos una oportunidad para disfrutar de<strong> una prueba que trae a Madrid a grandes estrellas de la marcha internacional<\/strong> en un lugar \u00fanico, los 500 metros m\u00e1s conocidos de la Gran V\u00eda. Ser\u00e1 una competici\u00f3n entre los mejores bajo el lema \u2018Cita de Campeones\u2019. Animo a todos los amantes del deporte a acudir a animar a los participantes y a que se contagien de ese esp\u00edritu de competici\u00f3n sana y ganas de superaci\u00f3n, concluy\u00f3 Almeida.<\/p>\n\n\n\n<p class=\"has-small-font-size\"><em>Foto principal: Jos\u00e9 Luis Mart\u00ednez-Almeida, durante una entrevista. | Ayuntamiento de Madrid<\/em><\/p>","protected":false},"excerpt":{"rendered":"<p>El alcalde de Madrid, Jos\u00e9 Luis Mart\u00ednez-Almeida, ha concedido una entrevista al gabinete de comunicaci\u00f3n del Gran Premio Internacional Madrid Marcha, Cita de Campeones, en la que habla sobre esta prueba (que el pr\u00f3ximo domingo 6 de octubre celebrar\u00e1 su tercera edici\u00f3n en la Gran V\u00eda) y de la implicaci\u00f3n del Ayuntamiento&hellip;<\/p>","protected":false},"author":990003,"featured_media":6783,"comment_status":"closed","ping_status":"open","sticky":false,"template":"","format":"standard","meta":{"footnotes":""},"categories":[5,1],"tags":[],"class_list":["post-6780","post","type-post","status-publish","format-standard","has-post-thumbnail","hentry","category-portada","category-uncategorized"],"_links":{"self":[{"href":"https:\/\/madridmarcha.com\/en\/wp-json\/wp\/v2\/posts\/6780","targetHints":{"allow":["GET"]}}],"collection":[{"href":"https:\/\/madridmarcha.com\/en\/wp-json\/wp\/v2\/posts"}],"about":[{"href":"https:\/\/madridmarcha.com\/en\/wp-json\/wp\/v2\/types\/post"}],"author":[{"embeddable":true,"href":"https:\/\/madridmarcha.com\/en\/wp-json\/wp\/v2\/users\/990003"}],"replies":[{"embeddable":true,"href":"https:\/\/madridmarcha.com\/en\/wp-json\/wp\/v2\/comments?post=6780"}],"version-history":[{"count":3,"href":"https:\/\/madridmarcha.com\/en\/wp-json\/wp\/v2\/posts\/6780\/revisions"}],"predecessor-version":[{"id":6785,"href":"https:\/\/madridmarcha.com\/en\/wp-json\/wp\/v2\/posts\/6780\/revisions\/6785"}],"wp:featuredmedia":[{"embeddable":true,"href":"https:\/\/madridmarcha.com\/en\/wp-json\/wp\/v2\/media\/6783"}],"wp:attachment":[{"href":"https:\/\/madridmarcha.com\/en\/wp-json\/wp\/v2\/media?parent=6780"}],"wp:term":[{"taxonomy":"category","embeddable":true,"href":"https:\/\/madridmarcha.com\/en\/wp-json\/wp\/v2\/categories?post=6780"},{"taxonomy":"post_tag","embeddable":true,"href":"https:\/\/madridmarcha.com\/en\/wp-json\/wp\/v2\/tags?post=6780"}],"curies":[{"name":"wp","href":"https:\/\/api.w.org\/{rel}","templated":true}]}}