{"id":6672,"date":"2024-06-21T18:18:13","date_gmt":"2024-06-21T17:18:13","guid":{"rendered":"https:\/\/madridmarcha.com\/?p=6672"},"modified":"2024-06-21T18:46:35","modified_gmt":"2024-06-21T17:46:35","slug":"el-poderoso-equipo-espanol-de-marcha-para-los-juegos-de-paris-2024","status":"publish","type":"post","link":"https:\/\/madridmarcha.com\/en\/2024\/06\/21\/el-poderoso-equipo-espanol-de-marcha-para-los-juegos-de-paris-2024\/","title":{"rendered":"El poderoso equipo espa\u00f1ol de marcha para los Juegos de Par\u00eds 2024"},"content":{"rendered":"<p>El seleccionador nacional <strong>Jos\u00e9 Peir\u00f3 <\/strong>y la direcci\u00f3n deportiva de la Real Federaci\u00f3n Espa\u00f1ola de Atletismo (RFEA) han dado a conocer los diez atletas preseleccionados para disputar las<strong> pruebas de marcha en los Juegos Ol\u00edmpicos de Par\u00eds 2024<\/strong>.<\/p>\n\n\n\n<p>Todos ellos cuentan con gran experiencia y \u00e9xitos internacionales, liderados por los dos dobles campeones mundiales del pasado a\u00f1o, <strong>Mar\u00eda P\u00e9rez y \u00c1lvaro Mart\u00edn<\/strong>, que buscar\u00e1n demostrar una vez m\u00e1s el enorme potencial de la marcha espa\u00f1ola.<\/p>\n\n\n\n<p>Tambi\u00e9n est\u00e1n <strong>Paul McGrath<\/strong>, reciente ganador de la medalla plata en la prueba de los 20 km de los Europeos de Atletismo en Roma, y el madrile\u00f1o <strong>Diego Garc\u00eda Carrera<\/strong>, director t\u00e9cnico e ide\u00f3logo del <strong>Gran Premio Internacional Madrid Marcha<\/strong>.<\/p>\n\n\n\n<p>La lista de preseleccionados es la siguiente:<\/p>\n\n\n\n<p><strong>20 km hombres: <\/strong>Diego Garc\u00eda Carrera, \u00c1lvaro Mart\u00edn y Paul McGrath<\/p>\n\n\n\n<p><strong>20 km mujeres: <\/strong>Mar\u00eda P\u00e9rez, Cristina Montesinos y Laura Garc\u00eda-Caro<\/p>\n\n\n\n<p><strong>Relevo mixto hombres:<\/strong> Alberto Amezcua, Diego Garc\u00eda Carrera, Miguel \u00c1ngel L\u00f3pez, \u00c1lvaro Mart\u00edn y Paul McGrath<\/p>\n\n\n\n<p><strong>Relevo mixto mujeres: <\/strong>Ant\u00eda Chamosa, Laura Garc\u00eda-Caro, Raquel Gonz\u00e1lez, Cristina Montesinos y Mar\u00eda P\u00e9rez<\/p>","protected":false},"excerpt":{"rendered":"<p>El seleccionador nacional Jos\u00e9 Peir\u00f3 y la direcci\u00f3n deportiva de la Real Federaci\u00f3n Espa\u00f1ola de Atletismo (RFEA) han dado a conocer los diez atletas preseleccionados para disputar las pruebas de marcha en los Juegos Ol\u00edmpicos de Par\u00eds 2024. Todos ellos cuentan con gran experiencia y \u00e9xitos internacionales, liderados por los dos dobles&hellip;<\/p>","protected":false},"author":990003,"featured_media":6584,"comment_status":"closed","ping_status":"open","sticky":false,"template":"","format":"standard","meta":{"footnotes":""},"categories":[5,1],"tags":[],"class_list":["post-6672","post","type-post","status-publish","format-standard","has-post-thumbnail","hentry","category-portada","category-uncategorized"],"_links":{"self":[{"href":"https:\/\/madridmarcha.com\/en\/wp-json\/wp\/v2\/posts\/6672","targetHints":{"allow":["GET"]}}],"collection":[{"href":"https:\/\/madridmarcha.com\/en\/wp-json\/wp\/v2\/posts"}],"about":[{"href":"https:\/\/madridmarcha.com\/en\/wp-json\/wp\/v2\/types\/post"}],"author":[{"embeddable":true,"href":"https:\/\/madridmarcha.com\/en\/wp-json\/wp\/v2\/users\/990003"}],"replies":[{"embeddable":true,"href":"https:\/\/madridmarcha.com\/en\/wp-json\/wp\/v2\/comments?post=6672"}],"version-history":[{"count":1,"href":"https:\/\/madridmarcha.com\/en\/wp-json\/wp\/v2\/posts\/6672\/revisions"}],"predecessor-version":[{"id":6673,"href":"https:\/\/madridmarcha.com\/en\/wp-json\/wp\/v2\/posts\/6672\/revisions\/6673"}],"wp:featuredmedia":[{"embeddable":true,"href":"https:\/\/madridmarcha.com\/en\/wp-json\/wp\/v2\/media\/6584"}],"wp:attachment":[{"href":"https:\/\/madridmarcha.com\/en\/wp-json\/wp\/v2\/media?parent=6672"}],"wp:term":[{"taxonomy":"category","embeddable":true,"href":"https:\/\/madridmarcha.com\/en\/wp-json\/wp\/v2\/categories?post=6672"},{"taxonomy":"post_tag","embeddable":true,"href":"https:\/\/madridmarcha.com\/en\/wp-json\/wp\/v2\/tags?post=6672"}],"curies":[{"name":"wp","href":"https:\/\/api.w.org\/{rel}","templated":true}]}}