{"id":6580,"date":"2024-04-22T09:31:28","date_gmt":"2024-04-22T08:31:28","guid":{"rendered":"https:\/\/madridmarcha.com\/?p=6580"},"modified":"2024-04-22T09:35:05","modified_gmt":"2024-04-22T08:35:05","slug":"espana-tendra-dos-equipos-de-relevo-mixto-de-marcha-en-los-juegos-de-paris","status":"publish","type":"post","link":"https:\/\/madridmarcha.com\/en\/2024\/04\/22\/espana-tendra-dos-equipos-de-relevo-mixto-de-marcha-en-los-juegos-de-paris\/","title":{"rendered":"Espa\u00f1a tendr\u00e1 dos equipos de relevo mixto de marcha en los Juegos de Par\u00eds"},"content":{"rendered":"<p>Espa\u00f1a ha conseguido <strong>dos plazas para los Juegos Ol\u00edmpicos de Par\u00eds 2024 en la modalidad de relevo mixto <\/strong>de marcha este domingo en el Campeonato del mundo de marcha por equipos, que se ha celebrado en Antalya (Turqu\u00eda) y en el que<strong> la pareja formada por \u00c1lvaro Mart\u00edn y Laura Garc\u00eda-Caro ha logrado la medalla de bronce<\/strong>.<\/p>\n\n\n\n<p>La prueba, que se estrenar\u00e1 en el programa ol\u00edmpico en la capital francesa, estuvo dominada por la pareja italiana formada por <strong>Francesco Fortunato y Valentina Trapletti<\/strong> (2:56:45), que encabez\u00f3 el podio que completaron los japoneses <strong>Koki Ikeda y Kumiko Okada<\/strong> (2:57:04) y la dupla espa\u00f1ola.<\/p>\n\n\n\n<p>El extreme\u00f1o y la onubense cruzaron la l\u00ednea de meta en 2:57:47 y se beneficiaron de la penalizaci\u00f3n a la pareja brasile\u00f1a, que marchaba por delante. Por pa\u00edses, Italia conquist\u00f3 el triunfo, con Jap\u00f3n y Espa\u00f1a en segunda y tercera posici\u00f3n, respectivamente.<\/p>\n\n\n\n<p>La pareja espa\u00f1ola integrada por <strong>Alberto Amezcua y Cristina Montesinos<\/strong> termin\u00f3 s\u00e9ptima (3:00:37) y garantiz\u00f3 la segunda plaza para Espa\u00f1a en Par\u00eds 2024, mientras que<strong> Miguel \u00c1ngel L\u00f3pez<\/strong> y la bicampeona del mundo<strong> Mar\u00eda P\u00e9rez<\/strong>, reci\u00e9n recuperada de su lesi\u00f3n de sacro, terminaron d\u00e9cimos (3:02:43) a pesar de tener que hacer una parada de tres minutos en el &#8216;pitlane&#8217; despu\u00e9s de que la granadina recibiese una tarjeta roja en la \u00faltima posta.<\/p>\n\n\n\n<p>La cita pon\u00eda en juego 22 billetes para la cita ol\u00edmpica para los 22 primeros clasificados de la cita, con un cupo de <strong>dos plazas por pa\u00eds<\/strong>. Las plazas son nominativas, por lo que ser\u00e1 el equipo t\u00e9cnico el que deber\u00e1 decidir c\u00f3mo se compondr\u00e1n esas dos parejas en los Juegos.<\/p>\n\n\n\n<p class=\"has-small-font-size\">La prueba se disputa en parejas formadas por un hombre y una mujer sobre la distancia de marat\u00f3n; el representante masculino corre los primeros 12 kil\u00f3metros, antes de ceder el testigo a la mujer, que recorre los siguientes diez. Nuevamente, el hombre completa otros diez kil\u00f3metros y la representante femenina cierra los \u00faltimos diez.<br><br><em>Foto: Espa\u00f1a clasifica a dos equipos para el relevo mixto de marcha en Par\u00eds 2024. | RFEA<\/em><\/p>","protected":false},"excerpt":{"rendered":"<p>Espa\u00f1a ha conseguido dos plazas para los Juegos Ol\u00edmpicos de Par\u00eds 2024 en la modalidad de relevo mixto de marcha este domingo en el Campeonato del mundo de marcha por equipos, que se ha celebrado en Antalya (Turqu\u00eda) y en el que la pareja formada por \u00c1lvaro Mart\u00edn y Laura Garc\u00eda-Caro ha&hellip;<\/p>","protected":false},"author":990003,"featured_media":6584,"comment_status":"closed","ping_status":"open","sticky":false,"template":"","format":"standard","meta":{"footnotes":""},"categories":[5,1],"tags":[],"class_list":["post-6580","post","type-post","status-publish","format-standard","has-post-thumbnail","hentry","category-portada","category-uncategorized"],"_links":{"self":[{"href":"https:\/\/madridmarcha.com\/en\/wp-json\/wp\/v2\/posts\/6580","targetHints":{"allow":["GET"]}}],"collection":[{"href":"https:\/\/madridmarcha.com\/en\/wp-json\/wp\/v2\/posts"}],"about":[{"href":"https:\/\/madridmarcha.com\/en\/wp-json\/wp\/v2\/types\/post"}],"author":[{"embeddable":true,"href":"https:\/\/madridmarcha.com\/en\/wp-json\/wp\/v2\/users\/990003"}],"replies":[{"embeddable":true,"href":"https:\/\/madridmarcha.com\/en\/wp-json\/wp\/v2\/comments?post=6580"}],"version-history":[{"count":3,"href":"https:\/\/madridmarcha.com\/en\/wp-json\/wp\/v2\/posts\/6580\/revisions"}],"predecessor-version":[{"id":6585,"href":"https:\/\/madridmarcha.com\/en\/wp-json\/wp\/v2\/posts\/6580\/revisions\/6585"}],"wp:featuredmedia":[{"embeddable":true,"href":"https:\/\/madridmarcha.com\/en\/wp-json\/wp\/v2\/media\/6584"}],"wp:attachment":[{"href":"https:\/\/madridmarcha.com\/en\/wp-json\/wp\/v2\/media?parent=6580"}],"wp:term":[{"taxonomy":"category","embeddable":true,"href":"https:\/\/madridmarcha.com\/en\/wp-json\/wp\/v2\/categories?post=6580"},{"taxonomy":"post_tag","embeddable":true,"href":"https:\/\/madridmarcha.com\/en\/wp-json\/wp\/v2\/tags?post=6580"}],"curies":[{"name":"wp","href":"https:\/\/api.w.org\/{rel}","templated":true}]}}