{"id":6570,"date":"2024-04-20T12:26:21","date_gmt":"2024-04-20T11:26:21","guid":{"rendered":"https:\/\/madridmarcha.com\/?p=6570"},"modified":"2024-04-20T12:27:45","modified_gmt":"2024-04-20T11:27:45","slug":"espana-busca-medallas-y-billetes-olimpicos-en-el-mundial-de-marcha-por-equipos-en-antalya","status":"publish","type":"post","link":"https:\/\/madridmarcha.com\/en\/2024\/04\/20\/espana-busca-medallas-y-billetes-olimpicos-en-el-mundial-de-marcha-por-equipos-en-antalya\/","title":{"rendered":"Espa\u00f1a busca medallas y billetes ol\u00edmpicos en el Mundial de marcha por equipos en Antalya"},"content":{"rendered":"<p>Espa\u00f1a parte como una de las favoritas al <strong>Campeonato del Mundo de marcha por equipos <\/strong>que se disputa este domingo en Antalya (Turqu\u00eda), con dos bicampeones mundiales como <strong>\u00c1lvaro Mart\u00edn <\/strong>y<strong> Mar\u00eda P\u00e9rez<\/strong> y el reto adem\u00e1s de lograr representaci\u00f3n ol\u00edmpica para Par\u00eds 2024 en la nueva disciplina de relevo mixto.<\/p>\n\n\n\n<p>Un total de<strong> 21 atletas (11 hombres y 10 mujeres)<\/strong> fueron preseleccionados para esta competici\u00f3n que organizada World Athletics tras cumplir con los criterios establecidos por el seleccionador <strong>Jos\u00e9 Peir\u00f3 <\/strong>y la direcci\u00f3n deportiva de la Real Federaci\u00f3n Espa\u00f1ola de Atletismo (RFEA).<\/p>\n\n\n\n<p>La delegaci\u00f3n espa\u00f1ola, mezcla de juventud y veteran\u00eda, estar\u00e1 liderada por \u00c1lvaro Mart\u00edn y Mar\u00eda P\u00e9rez, campeones del mundo de 20 y 35 kil\u00f3metros marcha el pasado verano en Budapest. El extreme\u00f1o y la andaluza tendr\u00e1n adem\u00e1s un cometido especial ya que participar\u00e1n en la prueba de relevo mixto, que se estrena en esta competici\u00f3n de cara a conseguir la clasificaci\u00f3n ol\u00edmpica.<\/p>\n\n\n\n<p>Un m\u00e1ximo de dos equipos espa\u00f1oles podr\u00edan estar en los Juegos Ol\u00edmpicos de Par\u00eds 2024 y, tras el buen sabor de boca que dej\u00f3 el pasado Crit\u00e9rium Internacional de Valencia donde compitieron cinco parejas, los seis representantes espa\u00f1oles ya saben c\u00f3mo sacar el rendimiento a esta nueva disciplina.<\/p>\n\n\n\n<p>Mart\u00edn logr\u00f3 la victoria junto a <strong>Laura Garc\u00eda-Caro<\/strong>, en plena forma el de Llerena, mientras que Mar\u00eda P\u00e9rez se ha recuperado en tiempo r\u00e9cord de su operaci\u00f3n en el sacro hace unos meses. <strong>Alberto Amezcua<\/strong>, <strong>Miguel \u00c1ngel L\u00f3pez <\/strong>y<strong> Cristina Montesinos<\/strong> completan la lista del relevo mixto, que est\u00e1 por ver c\u00f3mo la organiza la RFEA.<\/p>\n\n\n\n<p>Por otro lado, los dos equipos de 20 km marcha los componen marchadores de larga experiencia internacional que han subido a podios internacionales o bien han estado en la pelea por las medallas. En el caso de los hombres, la \u00faltima victoria fue en 2008 en Chihuaua y en el de las mujeres, en 2018 en Taicang.<\/p>\n\n\n\n<p>El quinteto masculino lo abre el reciente campe\u00f3n de Espa\u00f1a de la distancia <strong>Paul McGrath<\/strong>, campe\u00f3n de Europa Sub 20 y bronce mundial Sub 20 en 2021. A su lado, un veterano como<strong> Diego Garc\u00eda Carrera<\/strong>, plata europea en 2018 en Berl\u00edn y bronce europeo en 2022 en M\u00fanich -adem\u00e1s de director deportivo del Gran Premio Internacional Finetwork Madrid Marcha-, y otro experimentado marchador como <strong>Marc Tur<\/strong>, cuarto en Tokyo 2020. Completan el equipo<strong> \u00c1lvaro L\u00f3pez <\/strong>e<strong> Iv\u00e1n L\u00f3pez<\/strong>.<\/p>\n\n\n\n<p>El equipo femenino, una vez conocida la baja por problemas de salud de la veterana<strong> Raquel Gonz\u00e1lez<\/strong>, qued\u00f3 reducido a un cuarteto con<strong> Paula Ju\u00e1rez<\/strong>,<strong> Ant\u00eda Chamosa<\/strong>,<strong> Lidia S\u00e1nchez-Puebla <\/strong>y<strong> Luc\u00eda Redondo<\/strong>, en su debut absoluto con la selecci\u00f3n espa\u00f1ola.<\/p>\n\n\n\n<p class=\"has-small-font-size\"><em>Foto: Equipo espa\u00f1ol que disputar\u00e1 este domingo el Mundial de marcha por equipos en Antalya (Turqu\u00eda). | RFEA<\/em><\/p>","protected":false},"excerpt":{"rendered":"<p>Espa\u00f1a parte como una de las favoritas al Campeonato del Mundo de marcha por equipos que se disputa este domingo en Antalya (Turqu\u00eda), con dos bicampeones mundiales como \u00c1lvaro Mart\u00edn y Mar\u00eda P\u00e9rez y el reto adem\u00e1s de lograr representaci\u00f3n ol\u00edmpica para Par\u00eds 2024 en la nueva disciplina de relevo mixto. Un&hellip;<\/p>","protected":false},"author":990003,"featured_media":6572,"comment_status":"closed","ping_status":"open","sticky":false,"template":"","format":"standard","meta":{"footnotes":""},"categories":[5,1],"tags":[],"class_list":["post-6570","post","type-post","status-publish","format-standard","has-post-thumbnail","hentry","category-portada","category-uncategorized"],"_links":{"self":[{"href":"https:\/\/madridmarcha.com\/en\/wp-json\/wp\/v2\/posts\/6570","targetHints":{"allow":["GET"]}}],"collection":[{"href":"https:\/\/madridmarcha.com\/en\/wp-json\/wp\/v2\/posts"}],"about":[{"href":"https:\/\/madridmarcha.com\/en\/wp-json\/wp\/v2\/types\/post"}],"author":[{"embeddable":true,"href":"https:\/\/madridmarcha.com\/en\/wp-json\/wp\/v2\/users\/990003"}],"replies":[{"embeddable":true,"href":"https:\/\/madridmarcha.com\/en\/wp-json\/wp\/v2\/comments?post=6570"}],"version-history":[{"count":2,"href":"https:\/\/madridmarcha.com\/en\/wp-json\/wp\/v2\/posts\/6570\/revisions"}],"predecessor-version":[{"id":6574,"href":"https:\/\/madridmarcha.com\/en\/wp-json\/wp\/v2\/posts\/6570\/revisions\/6574"}],"wp:featuredmedia":[{"embeddable":true,"href":"https:\/\/madridmarcha.com\/en\/wp-json\/wp\/v2\/media\/6572"}],"wp:attachment":[{"href":"https:\/\/madridmarcha.com\/en\/wp-json\/wp\/v2\/media?parent=6570"}],"wp:term":[{"taxonomy":"category","embeddable":true,"href":"https:\/\/madridmarcha.com\/en\/wp-json\/wp\/v2\/categories?post=6570"},{"taxonomy":"post_tag","embeddable":true,"href":"https:\/\/madridmarcha.com\/en\/wp-json\/wp\/v2\/tags?post=6570"}],"curies":[{"name":"wp","href":"https:\/\/api.w.org\/{rel}","templated":true}]}}