{"id":6562,"date":"2024-04-16T18:14:59","date_gmt":"2024-04-16T17:14:59","guid":{"rendered":"https:\/\/madridmarcha.com\/?p=6562"},"modified":"2024-04-16T18:21:43","modified_gmt":"2024-04-16T17:21:43","slug":"diego-garcia-antalya-cobra-especial-importancia-teniendo-en-cuenta-que-es-todo-a-una-carta","status":"publish","type":"post","link":"https:\/\/madridmarcha.com\/en\/2024\/04\/16\/diego-garcia-antalya-cobra-especial-importancia-teniendo-en-cuenta-que-es-todo-a-una-carta\/","title":{"rendered":"Diego Garc\u00eda: \u201cAntalya cobra especial importancia teniendo en cuenta que es todo a una carta&#8221;"},"content":{"rendered":"<p>La ciudad turca de <strong>Antalya<\/strong> acoger\u00e1 el pr\u00f3ximo domingo 21 de abril la trig\u00e9sima edici\u00f3n de la <strong>Copa del Mundo de marcha por equipos<\/strong>, que este a\u00f1o adquiere una especial relevancia al <strong>otorgarse las plazas de los 22 equipos que disputar\u00e1n la nueva prueba ol\u00edmpica del relevo mixto<\/strong> (42,195 kms, la misma distancia que la marat\u00f3n) en los Juegos de Par\u00eds el pr\u00f3ximo verano. Y <strong>Espa\u00f1a<\/strong>, que es una aut\u00e9ntica potencia mundial en esta disciplina atl\u00e9tica, aspira a contar con dos equipos en la cita de la capital francesa.<\/p>\n\n\n\n<p>Todo a una carta en Antalya, como destaca <strong>Diego Garc\u00eda Carrera<\/strong>, bronce y plata en 20 kil\u00f3metros en los dos \u00faltimos Europeos, miembro del Consejo de Atletas de World Athletics y director deportivo del<strong> Gran Premio Internacional Finetwork Madrid Marcha<\/strong>. <\/p>\n\n\n\n<p>El marchador madrile\u00f1o, de 28 a\u00f1os y con medallas internacionales en casi todas las competiciones por la que ha ido pasando, es uno de los 22 espa\u00f1oles (once hombres y once mujeres) que estar\u00e1 el pr\u00f3ximo domingo en la pr\u00f3xima Copa del Mundo de marcha, \u201cuna competici\u00f3n bonita y de las m\u00e1s antiguas del mundo que ahora cumple 30 ediciones, <strong>m\u00e1s antigua incluso que el Mundial de atletismo <\/strong>-la primera edici\u00f3n se disput\u00f3 en Lugano en 1961-, seg\u00fan destaca en una entrevista a la web de Madrid Marcha.<\/p>\n\n\n\n<p>\u201cNo se puede inscribir ya a m\u00e1s gente. Bueno, se les puede inscribir pero no podr\u00edan competir en cualquier caso\u201d, apunta en tono de broma. Ya m\u00e1s en serio, Garc\u00eda Carrera afirma que esta Copa del Mundo en Antalya es \u201ccomo <strong>una especie de trials, a modo de lo que se hace en Estados Unidos<\/strong>. En atletismo no se sol\u00edan hacer unas clasificaciones ol\u00edmpicas de esta forma, <strong>a un d\u00eda y todo a una carta<\/strong>, as\u00ed que esta cita cobra una importancia enorme teniendo en cuenta que los Juegos Ol\u00edmpicos son el gran evento para los deportistas por encima del resto\u201d.<\/p>\n\n\n\n<p class=\"has-medium-font-size\"><strong>Objetivo: dos equipos para Espa\u00f1a en Par\u00eds 2024<\/strong><\/p>\n\n\n\n<p>\u201cQueremos <strong>sacar dos equipos en Antalya, que es lo m\u00e1ximo posible<\/strong>, y mantener el nivel de Espa\u00f1a en las clasificaciones por equipos\u201d, a\u00f1ade Diego, quien recuerda que la Copa del Mundo por equipos no se le ha terminado de dar bien hist\u00f3ricamente a nuestro pa\u00eds. \u201cLa competici\u00f3n es un d\u00eda y, aunque tenemos muy buen nivel en Espa\u00f1a, el mundo es mucho m\u00e1s grande de lo que pensamos. Somos capaces de hacer cosas enormes: lo han demostrado<strong> Mar\u00eda P\u00e9rez, \u00c1lvaro Mart\u00edn y Paul McGrath<\/strong>, por citar a algunos, pero nunca podemos dar las cosas por sentadas porque hay pa\u00edses con gente muy buena que da el do de pecho, especialmente en a\u00f1o ol\u00edmpico\u201d, dice.<\/p>\n\n\n\n<p>\u201cPara ser precisos\u201d, agrega Garc\u00eda Carrera, \u201cyo considerar\u00eda a Espa\u00f1a como uno de los actores principales para competir por los primeros puestos, pero<strong> nunca hay nada garantizado<\/strong>\u201d.<\/p>\n\n\n\n<figure class=\"wp-block-image size-large\"><img loading=\"lazy\" decoding=\"async\" width=\"1024\" height=\"888\" src=\"https:\/\/madridmarcha.com\/wp-content\/uploads\/2023\/07\/diegogarcia2-1024x888.jpg\" alt=\"\" class=\"wp-image-6348\" srcset=\"https:\/\/madridmarcha.com\/wp-content\/uploads\/2023\/07\/diegogarcia2-1024x888.jpg 1024w, https:\/\/madridmarcha.com\/wp-content\/uploads\/2023\/07\/diegogarcia2-300x260.jpg 300w, https:\/\/madridmarcha.com\/wp-content\/uploads\/2023\/07\/diegogarcia2-768x666.jpg 768w, https:\/\/madridmarcha.com\/wp-content\/uploads\/2023\/07\/diegogarcia2-1536x1332.jpg 1536w, https:\/\/madridmarcha.com\/wp-content\/uploads\/2023\/07\/diegogarcia2-2048x1777.jpg 2048w, https:\/\/madridmarcha.com\/wp-content\/uploads\/2023\/07\/diegogarcia2-14x12.jpg 14w, https:\/\/madridmarcha.com\/wp-content\/uploads\/2023\/07\/diegogarcia2-370x321.jpg 370w, https:\/\/madridmarcha.com\/wp-content\/uploads\/2023\/07\/diegogarcia2-745x646.jpg 745w, https:\/\/madridmarcha.com\/wp-content\/uploads\/2023\/07\/diegogarcia2-365x317.jpg 365w\" sizes=\"auto, (max-width: 1024px) 100vw, 1024px\" \/><\/figure>\n\n\n\n<p>\u201cYo nunca he conseguido medalla en la Copa del Mundo porque <strong>casi siempre ha habido alguna desgracia de \u00faltima hora<\/strong>. S\u00ed hemos sido campeones de Europa muchas veces, pero en la Copa del Mundo por equipos tenemos esos deberes pendientes. En cualquier caso, vamos unos cuantos atletas con bastante experiencia internacional, nos llevamos muy bien y nos vamos a apoyar mucho entre nosotros para intentar llevar a Espa\u00f1a a lo m\u00e1s alto\u201d, afirma Diego, quien tambi\u00e9n habla de <strong>\u201cpique auton\u00f3mico\u201d <\/strong>que hay entre los marchadores nacionales.<\/p>\n\n\n\n<p>\u201cSomos cinco madrile\u00f1os, luego hay cinco catalanes y cuatro andaluces. Madrid est\u00e1 ah\u00ed a tope, con lo cual es un orgullo porque la marcha madrile\u00f1a, cuando yo empec\u00e9 en esto, no pasaba por buen momento y ahora cada vez salen m\u00e1s j\u00f3venes. Yo soy el m\u00e1s viejo de todos los marchadores madrile\u00f1os\u201d, afirma al respecto.<\/p>\n\n\n\n<p class=\"has-medium-font-size\"><strong>&#8220;Mejor camino este a\u00f1o&#8221;<\/strong><\/p>\n\n\n\n<p>Diego Garc\u00eda Carrera asegura que para afrontar con garant\u00edas un gran campeonato como \u00e9ste de Antalya necesita <strong>estar muy bien en dos apartados, el f\u00edsico y el mental<\/strong>. \u201cTengo una muy buena forma f\u00edsica. He hecho entrenamientos que no hab\u00eda realizado nunca y eso siempre es un espaldarazo de confianza antes de afrontar una competici\u00f3n. Y luego est\u00e1 la segunda parte, la sensaci\u00f3n ganadora en las \u00faltimas competiciones, y \u00e9sa es la que estoy buscando mejorar en la cita de Antalya\u201d, se\u00f1ala.<\/p>\n\n\n\n<p>\u201cVengo de competiciones: una fue buena pero no perfecta, como es el <strong>Campeonato de Espa\u00f1a<\/strong>, donde hice una buena marca pese a quedarme lejos de los primeros puestos; y la segunda en <strong>Valencia<\/strong>, donde tuve una experiencia muy mala al no poder enganchar bien con la competici\u00f3n y donde tampoco pude dar mi m\u00e1ximo\u201d, afirma un Diego Garc\u00eda Carrera que asegura ir \u201ccon mucha confianza\u201d a tierras turcas para poder llegar \u201cen la mejor forma posible\u201d.<\/p>\n\n\n\n<p>Y es que la Copa del Mundo por equipos se le sigue atragantando a Diego, pero se muestra \u201cconfiado en mis posibilidades\u201d porque \u201c<strong>el camino que hemos hecho hasta ahora es mejor que el que hab\u00edamos hecho otros a\u00f1os<\/strong>\u201d.<\/p>\n\n\n\n<p><em>Foto principal: Sergio Enr\u00edquez-Nistal (El Mundo)<\/em><\/p>","protected":false},"excerpt":{"rendered":"<p>La ciudad turca de Antalya acoger\u00e1 el pr\u00f3ximo domingo 21 de abril la trig\u00e9sima edici\u00f3n de la Copa del Mundo de marcha por equipos, que este a\u00f1o adquiere una especial relevancia al otorgarse las plazas de los 22 equipos que disputar\u00e1n la nueva prueba ol\u00edmpica del relevo mixto (42,195 kms, la misma&hellip;<\/p>","protected":false},"author":990003,"featured_media":6566,"comment_status":"closed","ping_status":"open","sticky":false,"template":"","format":"standard","meta":{"footnotes":""},"categories":[5,1],"tags":[],"class_list":["post-6562","post","type-post","status-publish","format-standard","has-post-thumbnail","hentry","category-portada","category-uncategorized"],"_links":{"self":[{"href":"https:\/\/madridmarcha.com\/en\/wp-json\/wp\/v2\/posts\/6562","targetHints":{"allow":["GET"]}}],"collection":[{"href":"https:\/\/madridmarcha.com\/en\/wp-json\/wp\/v2\/posts"}],"about":[{"href":"https:\/\/madridmarcha.com\/en\/wp-json\/wp\/v2\/types\/post"}],"author":[{"embeddable":true,"href":"https:\/\/madridmarcha.com\/en\/wp-json\/wp\/v2\/users\/990003"}],"replies":[{"embeddable":true,"href":"https:\/\/madridmarcha.com\/en\/wp-json\/wp\/v2\/comments?post=6562"}],"version-history":[{"count":2,"href":"https:\/\/madridmarcha.com\/en\/wp-json\/wp\/v2\/posts\/6562\/revisions"}],"predecessor-version":[{"id":6565,"href":"https:\/\/madridmarcha.com\/en\/wp-json\/wp\/v2\/posts\/6562\/revisions\/6565"}],"wp:featuredmedia":[{"embeddable":true,"href":"https:\/\/madridmarcha.com\/en\/wp-json\/wp\/v2\/media\/6566"}],"wp:attachment":[{"href":"https:\/\/madridmarcha.com\/en\/wp-json\/wp\/v2\/media?parent=6562"}],"wp:term":[{"taxonomy":"category","embeddable":true,"href":"https:\/\/madridmarcha.com\/en\/wp-json\/wp\/v2\/categories?post=6562"},{"taxonomy":"post_tag","embeddable":true,"href":"https:\/\/madridmarcha.com\/en\/wp-json\/wp\/v2\/tags?post=6562"}],"curies":[{"name":"wp","href":"https:\/\/api.w.org\/{rel}","templated":true}]}}