{"id":6558,"date":"2024-04-14T12:34:26","date_gmt":"2024-04-14T11:34:26","guid":{"rendered":"https:\/\/madridmarcha.com\/?p=6558"},"modified":"2024-04-16T18:08:21","modified_gmt":"2024-04-16T17:08:21","slug":"miguel-angel-lopez-soy-de-los-marchadores-que-mejor-se-ha-adaptado-al-relevo-mixto","status":"publish","type":"post","link":"https:\/\/madridmarcha.com\/en\/2024\/04\/14\/miguel-angel-lopez-soy-de-los-marchadores-que-mejor-se-ha-adaptado-al-relevo-mixto\/","title":{"rendered":"Miguel \u00c1ngel L\u00f3pez: &#8220;Soy de los marchadores que mejor se han adaptado al relevo mixto&#8221;"},"content":{"rendered":"<p>La ciudad turca de Antalya acoger\u00e1 el pr\u00f3ximo domingo 21 de abril\u00a0los\u00a0<strong>Mundiales de Marcha<\/strong>, donde el combinado nacional espa\u00f1ol acudir\u00e1 con una representaci\u00f3n de 22 atletas (once hombres y once mujeres). Entre ellos se encuentra el murciano <strong>Miguel \u00c1ngel L\u00f3pez<\/strong>, que a punto de cumplir los 36 a\u00f1os (el pr\u00f3ximo 3 de julio) quiere convencer a todos de que se merece un billete para los Juegos Ol\u00edmpicos de Par\u00eds 2024.\u00a0<\/p>\n\n\n\n<p>El de Llano de Brujas es consciente de que su situaci\u00f3n\u00a0en la prueba de 20 kil\u00f3metros est\u00e1 realmente dif\u00edcil<strong>\u00a0<\/strong>(de las tres plazas, dos est\u00e1n ya asignadas a <strong>Paul McGrath <\/strong>y <strong>\u00c1lvaro Mart\u00edn<\/strong>) y asegura, en una entrevista a Onda Regional de Murcia, que &#8220;mi bala es hacer un gran tiempo en la prueba de Cantones en La Coru\u00f1a&#8221; el pr\u00f3ximo 18 de mayo.<\/p>\n\n\n\n<p>&#8220;Tampoco tengo plaza para el Europeo, as\u00ed que debo hacerlo muy bien y esperar a que me puedan seleccionar&#8221;, apunta Miguel \u00c1ngel L\u00f3pez, consciente de que donde realmente se la juega es en la nueva modalidad del relevo mixto, de 42,195 kil\u00f3metros de distancia y con cuatro postas (dos para cada sexo).<\/p>\n\n\n\n<p>&#8220;Ten\u00eda mis dudas al respecto, por aquello de que era pruebas muy cortas, <strong>muy explosivas quiz\u00e1 para mi edad, y encima con parones<\/strong>.\u00a0Pero me he adaptado realmente bien. Lo que m\u00e1s se ensaya es c\u00f3mo descansar mientras compite tu compa\u00f1era, porque cuando te reenganchas no lo haces con la misma energ\u00eda. Entrenamos m\u00e1s el per\u00edodo de par\u00f3n que la prueba en s\u00ed&#8221;, afirma.\u00a0<\/p>\n\n\n\n<p>&#8220;He superado expectativas y creo que adem\u00e1s soy <strong>uno de los que mejor se ha adaptado a este relevo mixto<\/strong>&#8220;, a\u00f1ade el de Llanos de Brujas en la entrevista a Onda Regional. <\/p>\n\n\n\n<p>El objetivo del murciano es lograr\u00a0en Antalya el d\u00eda 21 (11:55 horas) una de las plazas para que Espa\u00f1a est\u00e9 en Par\u00eds 2024, aunque ser\u00eda para el pa\u00eds y no para el atleta. &#8220;Pero si lo hago bien ganar\u00e9 muchos puntos para ser yo luego el elegido&#8221;, dice al respecto. <\/p>\n\n\n\n<p>Las parejas a\u00fan no est\u00e1n confeccionadas pero s\u00ed la selecci\u00f3n, con <strong>\u00c1lvaro Mart\u00edn, Alberto Amezcua y Miguel \u00c1ngel L\u00f3pez<\/strong>, por parte de los chicos, y <strong>Mar\u00eda P\u00e9rez, Laura Garc\u00eda-Caro y Cristina Montesinos<\/strong> en el apartado femenino.<\/p>","protected":false},"excerpt":{"rendered":"<p>La ciudad turca de Antalya acoger\u00e1 el pr\u00f3ximo domingo 21 de abril\u00a0los\u00a0Mundiales de Marcha, donde el combinado nacional espa\u00f1ol acudir\u00e1 con una representaci\u00f3n de 22 atletas (once hombres y once mujeres). Entre ellos se encuentra el murciano Miguel \u00c1ngel L\u00f3pez, que a punto de cumplir los 36 a\u00f1os (el pr\u00f3ximo 3 de&hellip;<\/p>","protected":false},"author":990003,"featured_media":6560,"comment_status":"closed","ping_status":"open","sticky":false,"template":"","format":"standard","meta":{"footnotes":""},"categories":[5,1],"tags":[],"class_list":["post-6558","post","type-post","status-publish","format-standard","has-post-thumbnail","hentry","category-portada","category-uncategorized"],"_links":{"self":[{"href":"https:\/\/madridmarcha.com\/en\/wp-json\/wp\/v2\/posts\/6558","targetHints":{"allow":["GET"]}}],"collection":[{"href":"https:\/\/madridmarcha.com\/en\/wp-json\/wp\/v2\/posts"}],"about":[{"href":"https:\/\/madridmarcha.com\/en\/wp-json\/wp\/v2\/types\/post"}],"author":[{"embeddable":true,"href":"https:\/\/madridmarcha.com\/en\/wp-json\/wp\/v2\/users\/990003"}],"replies":[{"embeddable":true,"href":"https:\/\/madridmarcha.com\/en\/wp-json\/wp\/v2\/comments?post=6558"}],"version-history":[{"count":2,"href":"https:\/\/madridmarcha.com\/en\/wp-json\/wp\/v2\/posts\/6558\/revisions"}],"predecessor-version":[{"id":6561,"href":"https:\/\/madridmarcha.com\/en\/wp-json\/wp\/v2\/posts\/6558\/revisions\/6561"}],"wp:featuredmedia":[{"embeddable":true,"href":"https:\/\/madridmarcha.com\/en\/wp-json\/wp\/v2\/media\/6560"}],"wp:attachment":[{"href":"https:\/\/madridmarcha.com\/en\/wp-json\/wp\/v2\/media?parent=6558"}],"wp:term":[{"taxonomy":"category","embeddable":true,"href":"https:\/\/madridmarcha.com\/en\/wp-json\/wp\/v2\/categories?post=6558"},{"taxonomy":"post_tag","embeddable":true,"href":"https:\/\/madridmarcha.com\/en\/wp-json\/wp\/v2\/tags?post=6558"}],"curies":[{"name":"wp","href":"https:\/\/api.w.org\/{rel}","templated":true}]}}