{"id":6551,"date":"2024-04-10T17:07:15","date_gmt":"2024-04-10T16:07:15","guid":{"rendered":"https:\/\/madridmarcha.com\/?p=6551"},"modified":"2024-04-10T17:17:37","modified_gmt":"2024-04-10T16:17:37","slug":"alianza-federacion-ucam-para-mejorar-en-la-prueba-de-relevos-mixtos-en-paris-2024","status":"publish","type":"post","link":"https:\/\/madridmarcha.com\/en\/2024\/04\/10\/alianza-federacion-ucam-para-mejorar-en-la-prueba-de-relevos-mixtos-en-paris-2024\/","title":{"rendered":"Alianza Federaci\u00f3n-UCAM para mejorar en la prueba de relevos mixtos en Par\u00eds 2024"},"content":{"rendered":"<p>&nbsp; <strong>Universidad Cat\u00f3lica de Murcia (UCAM) <\/strong>ha anunciado la firma de un convenio con la<strong> Real Federaci\u00f3n Espa\u00f1ola de Atletismo (RFEA) <\/strong>para buscar la mejor estrategia para los marchadores espa\u00f1oles en la nueva disciplina de <strong>relevo mixto <\/strong>que habr\u00e1 en los Juegos Ol\u00edmpicos de Par\u00eds de este pr\u00f3ximo verano.<\/p>\n\n\n\n<p>El convenio incluye la realizaci\u00f3n de un estudio a los deportistas para afrontar la prueba de relevos mixto, que ser\u00e1 pionera en Par\u00eds, con el objetivo de luchar por las medallas. La nueva distancia de 42,195 km, exactamente lo mismo que un marat\u00f3n, implicar\u00e1 a cinco atletas en los relevos, con el consiguiente <strong>riesgo de inactividad para el atleta que tiene que estar 40 minutos &#8216;parado&#8217;<\/strong>.<\/p>\n\n\n\n<p>El director del Centro de Investigaci\u00f3n en Alto Rendimiento Deportivo (CIARD) de la UCAM, <strong>Pedro Emilio Alcaraz<\/strong>, ha se\u00f1alado que est\u00e1n &#8220;analizando la respuesta fisiol\u00f3gica del primer sector, con el fin de conocer la deshidrataci\u00f3n, los cambios metab\u00f3licos, cardiovasculares o la temperatura central entre otros, con el fin de aplicar un protocolo que ayude a restablecer los valores de los deportistas a los niveles previos al inicio de la prueba&#8221;.<\/p>\n\n\n\n<p>Con ello, seg\u00fan Alcaraz, el objetivo es conseguir que estos deportistas<strong> &#8220;no reduzcan su rendimiento en el relevo posterior&#8221; <\/strong>en busca del &#8220;rendimiento \u00f3ptimo en la segunda posta tras permanecer &#8216;inactivos&#8217;, con un recalentamiento para producir la potenciaci\u00f3n del sistema neuromuscular, y as\u00ed mejorar su marca&#8221;.<\/p>\n\n\n\n<p class=\"has-medium-font-size\">Por su parte, el presidente de la RFEA,<strong> Ra\u00fal Chapado<\/strong>, ha agradecido la apuesta de la UCAM por &#8220;la innovaci\u00f3n y por la labor de investigaci\u00f3n para potenciar el rendimiento de los marchadores, donde Espa\u00f1a es una potencia mundial&#8221;.<br><br>El organismo de la universidad murciana lleva a\u00f1os trabajando con deportistas de la talla de <strong>\u00c1lvaro Mart\u00edn <\/strong>(campe\u00f3n del mundo en 20 y 35 kms marcha), <strong>Mar\u00eda P\u00e9rez<\/strong> (campeona mundial en 20 y 35 kms) o <strong>Miguel \u00c1ngel L\u00f3pez <\/strong>y<strong> Mariano Garc\u00eda<\/strong>, y lleva haciendo un trabajo de seguimiento de las parejas que abarca desde el Campeonato de Espa\u00f1a en Zaragoza en febrero y el Meeting de Valencia de marzo. El protocolo continuar\u00e1 afin\u00e1ndose de cara al siguiente gran evento, el Mundial de Marcha Atl\u00e9tica, que tendr\u00e1 lugar el 21 de abril en Antalya (Turqu\u00eda).<br><br><br><em>Foto principal: Ra\u00fal Chapado, presidente de la Real Federaci\u00f3n Espa\u00f1ola de Atletismo (RFEA), y Mar\u00eda Dolores Garc\u00eda, presidenta de la UCAM, en la firma del acuerdo. | UCAM <\/em><\/p>","protected":false},"excerpt":{"rendered":"<p>La Universidad Cat\u00f3lica de Murcia (UCAM) ha anunciado la firma de un convenio con la Real Federaci\u00f3n Espa\u00f1ola de Atletismo (RFEA) para buscar la mejor estrategia para los marchadores espa\u00f1oles en la nueva disciplina de relevo mixto que habr\u00e1 en los Juegos Ol\u00edmpicos de Par\u00eds de este pr\u00f3ximo verano. El convenio incluye&hellip;<\/p>","protected":false},"author":990003,"featured_media":6556,"comment_status":"closed","ping_status":"open","sticky":false,"template":"","format":"standard","meta":{"footnotes":""},"categories":[5,1],"tags":[],"class_list":["post-6551","post","type-post","status-publish","format-standard","has-post-thumbnail","hentry","category-portada","category-uncategorized"],"_links":{"self":[{"href":"https:\/\/madridmarcha.com\/en\/wp-json\/wp\/v2\/posts\/6551","targetHints":{"allow":["GET"]}}],"collection":[{"href":"https:\/\/madridmarcha.com\/en\/wp-json\/wp\/v2\/posts"}],"about":[{"href":"https:\/\/madridmarcha.com\/en\/wp-json\/wp\/v2\/types\/post"}],"author":[{"embeddable":true,"href":"https:\/\/madridmarcha.com\/en\/wp-json\/wp\/v2\/users\/990003"}],"replies":[{"embeddable":true,"href":"https:\/\/madridmarcha.com\/en\/wp-json\/wp\/v2\/comments?post=6551"}],"version-history":[{"count":2,"href":"https:\/\/madridmarcha.com\/en\/wp-json\/wp\/v2\/posts\/6551\/revisions"}],"predecessor-version":[{"id":6555,"href":"https:\/\/madridmarcha.com\/en\/wp-json\/wp\/v2\/posts\/6551\/revisions\/6555"}],"wp:featuredmedia":[{"embeddable":true,"href":"https:\/\/madridmarcha.com\/en\/wp-json\/wp\/v2\/media\/6556"}],"wp:attachment":[{"href":"https:\/\/madridmarcha.com\/en\/wp-json\/wp\/v2\/media?parent=6551"}],"wp:term":[{"taxonomy":"category","embeddable":true,"href":"https:\/\/madridmarcha.com\/en\/wp-json\/wp\/v2\/categories?post=6551"},{"taxonomy":"post_tag","embeddable":true,"href":"https:\/\/madridmarcha.com\/en\/wp-json\/wp\/v2\/tags?post=6551"}],"curies":[{"name":"wp","href":"https:\/\/api.w.org\/{rel}","templated":true}]}}