{"id":6547,"date":"2024-03-31T18:39:30","date_gmt":"2024-03-31T17:39:30","guid":{"rendered":"https:\/\/madridmarcha.com\/?p=6547"},"modified":"2024-03-31T18:39:55","modified_gmt":"2024-03-31T17:39:55","slug":"diego-garcia-carrera-en-el-potente-equipo-espanol-para-los-mundiales-de-marcha","status":"publish","type":"post","link":"https:\/\/madridmarcha.com\/en\/2024\/03\/31\/diego-garcia-carrera-en-el-potente-equipo-espanol-para-los-mundiales-de-marcha\/","title":{"rendered":"Diego Garc\u00eda Carrera, en el potente equipo espa\u00f1ol para los Mundiales de marcha"},"content":{"rendered":"<p>El extreme\u00f1o <strong>\u00c1lvaro Mart\u00edn <\/strong>y la granadina<strong> Mar\u00eda P\u00e9rez<\/strong>, dobles campeones del mundo de marcha, lideran al equipo espa\u00f1ol para los Mundiales de Antalya (Turqu\u00eda) del 21 de abril, a los que el combinado nacional acudir\u00e1 con una representaci\u00f3n de <strong>22 atletas <\/strong>(once hombres y once mujeres).<\/p>\n\n\n\n<p>Los atletas convocados han sido preseleccionados tras cumplir con los criterios establecidos por el seleccionador <strong>Jos\u00e9 Peir\u00f3<\/strong> y la direcci\u00f3n deportiva de la Real Federaci\u00f3n Espa\u00f1ola de Atletismo. \u00c1lvaro Mart\u00edn y Mar\u00eda P\u00e9rez encabezan la lista de seis atletas que competir\u00e1n en la novedosa prueba de relevo mixto, que se estrena en esta competici\u00f3n de cara a conseguir la clasificaci\u00f3n ol\u00edmpica, donde hasta un m\u00e1ximo de dos equipos espa\u00f1oles podr\u00edan estar en los Juegos de Par\u00eds.<\/p>\n\n\n\n<p>En la antesala de estos Mundiales, en la competici\u00f3n celebrada en Valencia, \u00c1lvaro Mart\u00edn demostr\u00f3 su buen momento de forma <strong>junto a Laura Garc\u00eda-Caro logrando la victoria en Valencia<\/strong>. Para Mar\u00eda P\u00e9rez, tras<strong> superar una lesi\u00f3n en tiempo r\u00e9cord del sacro<\/strong>, estos Mundiales de Antalya ser\u00e1n los de su regreso a una competici\u00f3n oficial, en la que intentar\u00e1 lograr la clasificaci\u00f3n ol\u00edmpica. Junto a ellos, el equipo del relevo lo completan Alberto Amezcua, Miguel \u00c1ngel L\u00f3pez y Cristina Montesinos.<\/p>\n\n\n\n<p>En Antalya <strong>se ponen en juego 22 de las 25 plazas para asistir a los Juegos Ol\u00edmpicos<\/strong> y hasta dos equipos de un mismo pa\u00eds se pueden clasificar en esta competici\u00f3n siempre y cuando est\u00e9n entre los cinco primeros bajo esta condici\u00f3n. Esto significa que el sexto pa\u00eds con dos equipos entre los veintid\u00f3s primeros no clasificar\u00eda al segundo equipo.<\/p>\n\n\n\n<p>Los dos equipos de 20 kil\u00f3metros marcha lo componen atletas de larga experiencia internacional que han subido a podios internacionales o se han quedado muy cerca de las medallas. El quinteto masculino lo abre el reciente campe\u00f3n de Espa\u00f1a de la distancia <strong>Paul McGrath<\/strong>, que, con su r\u00e9cord de Espa\u00f1a sub23 logrado hace unas semanas en Zaragoza (1h17.55), ser\u00e1 una de las grandes referencias en cabeza de carrera.<\/p>\n\n\n\n<p>El madrile\u00f1o<strong> Diego Garc\u00eda Carrera<\/strong>, con medallas internacionales en casi todas las competiciones por la que ha ido pasando, las dos \u00faltimas la plata europea en 2018 en Berl\u00edn y el bronce europeo en 2022 en M\u00fanich, tambi\u00e9n buscar\u00e1 la clasificaci\u00f3n ol\u00edmpica tras ser tercero en el Campeonato de Espa\u00f1a (1h19:36) no muy lejos de su marca personal de 1h18:58 de 2019 en A Coru\u00f1a.<\/p>\n\n\n\n<p>Otro experimentado marchador en lides internacionales es el balear <strong>Marc Tur<\/strong>, que baja de distancia y llega a la cita tras mejorar su marca personal hasta 1h21:14. En su bagaje el cuarto puesto en los Juegos de Tokio 2020 y la victoria en la Copa de Europa de hace cinco a\u00f1os en Podebrady aunque fuera en los 35 kil\u00f3metros.<\/p>\n\n\n\n<p>Completan el equipo<strong> los dos L\u00f3pez<\/strong>, el madrile\u00f1o <strong>\u00c1lvaro<\/strong>, que entrena con Jos\u00e9 Antonio Quintana, quinto en Zaragoza con marca personal de 1h20:49, y el murciano<strong> Iv\u00e1n<\/strong>, pupilo de Jos\u00e9 Antonio Carrillo. s\u00e9ptimo en el Nacional con 1h21:53, a s\u00f3lo doce segundos de su marca personal de 1h21:41 de 2021.<\/p>\n\n\n\n<p class=\"has-medium-font-size\"><strong>Raquel Gonz\u00e1lez, Paula Ju\u00e1rez, Ant\u00eda Chamosa&#8230;<\/strong><\/p>\n\n\n\n<p>El equipo femenino, mezcla de veteran\u00eda y juventud, espera estar en la lucha por las medallas a nivel como conjunto y para ello cuenta como una de las bazas con la catalana <strong>Raquel Gonz\u00e1lez<\/strong>, que, a sus 34 a\u00f1os, se colg\u00f3 el bronce con 1h29:07, su cuarta mejor marca de siempre, en el reciente Campeonato de Espa\u00f1a.<\/p>\n\n\n\n<p>Aunque ya no es debutante en el equipo absoluto s\u00ed lo ser\u00e1 en esta competici\u00f3n pues en la corta trayectoria de<strong> Paula Ju\u00e1rez<\/strong>, con apenas cuatro a\u00f1os en el mundo de la marcha, acumula un noveno puesto el pasado a\u00f1o en la Copa de Europa de Podebrady en 35 km marcha y el quinto puesto en Zaragoza en los 20 km marcha bajando de 1h30 (1h29:51).<\/p>\n\n\n\n<p>La gallega<strong> Ant\u00eda Chamosa<\/strong>, a sus 24 a\u00f1os, se ha convertido ya en una fija del equipo, sea cual sea la distancia. En este caso, ser\u00e1 de la partida del 20 kil\u00f3metros al no celebrarse el 35 donde hace dos a\u00f1os fue decimosexta y llegar\u00e1 a tierras turcas con un bagaje del quinto puesto de Zaragoza (1h31:51) que le dej\u00f3 muy cerca de su marca personal de 1h31:24 del pasado a\u00f1o.<\/p>\n\n\n\n<p>La madrile\u00f1a <strong>Lidia S\u00e1nchez-Puebla<\/strong> ya compiti\u00f3 hace dos a\u00f1os en esta competici\u00f3n logrando el duod\u00e9cimo puesto en lo que era su vuelta al equipo nacional tras unos a\u00f1os de lesiones que cortaron en seco su progresi\u00f3n.<\/p>\n\n\n\n<p>Cierra el quinteto la m\u00e1s joven de todas, la tambi\u00e9n madrile\u00f1a <strong>Luc\u00eda Redondo<\/strong>, de veinte a\u00f1os, que en Zaragoza se proclam\u00f3 campeona de Espa\u00f1a sub23 con 1h33.18, que supone su marca personal y que la lleva hacia su debut absoluto con la selecci\u00f3n espa\u00f1ola.<\/p>\n\n\n\n<p><strong>Convocatoria<\/strong><\/p>\n\n\n\n<p>&#8211; HOMBRES:<\/p>\n\n\n\n<p>20 km marcha: Diego Garc\u00eda Carrera, \u00c1lvaro L\u00f3pez, Iv\u00e1n L\u00f3pez, Paul McGrath y Marc Tur<br><br>10 km marcha Sub20: Miguel Espinosa, Daniel Monfort y Daniel Morilla<\/p>\n\n\n\n<p>&#8211; MUJERES:<\/p>\n\n\n\n<p>20 km marcha: Ant\u00eda Chamosa, Raquel Gonz\u00e1lez, Paula Ju\u00e1rez, Luc\u00eda Redondo y Lidia S\u00e1nchez-Puebla<br><br>10 km marcha Sub20: Aldara Meil\u00e1n, Sof\u00eda Santacreu y Griselda Serret<\/p>\n\n\n\n<p>&#8211; RELEVO MIXTO: Alberto Amezcua, Laura Garc\u00eda-Caro, Miguel \u00c1ngel L\u00f3pez, \u00c1lvaro Mart\u00edn, Cristina Montesinos y Mar\u00eda P\u00e9rez<\/p>","protected":false},"excerpt":{"rendered":"<p>El extreme\u00f1o \u00c1lvaro Mart\u00edn y la granadina Mar\u00eda P\u00e9rez, dobles campeones del mundo de marcha, lideran al equipo espa\u00f1ol para los Mundiales de Antalya (Turqu\u00eda) del 21 de abril, a los que el combinado nacional acudir\u00e1 con una representaci\u00f3n de 22 atletas (once hombres y once mujeres). Los atletas convocados han sido&hellip;<\/p>","protected":false},"author":990003,"featured_media":6549,"comment_status":"closed","ping_status":"open","sticky":false,"template":"","format":"standard","meta":{"footnotes":""},"categories":[5,1],"tags":[],"class_list":["post-6547","post","type-post","status-publish","format-standard","has-post-thumbnail","hentry","category-portada","category-uncategorized"],"_links":{"self":[{"href":"https:\/\/madridmarcha.com\/en\/wp-json\/wp\/v2\/posts\/6547","targetHints":{"allow":["GET"]}}],"collection":[{"href":"https:\/\/madridmarcha.com\/en\/wp-json\/wp\/v2\/posts"}],"about":[{"href":"https:\/\/madridmarcha.com\/en\/wp-json\/wp\/v2\/types\/post"}],"author":[{"embeddable":true,"href":"https:\/\/madridmarcha.com\/en\/wp-json\/wp\/v2\/users\/990003"}],"replies":[{"embeddable":true,"href":"https:\/\/madridmarcha.com\/en\/wp-json\/wp\/v2\/comments?post=6547"}],"version-history":[{"count":1,"href":"https:\/\/madridmarcha.com\/en\/wp-json\/wp\/v2\/posts\/6547\/revisions"}],"predecessor-version":[{"id":6548,"href":"https:\/\/madridmarcha.com\/en\/wp-json\/wp\/v2\/posts\/6547\/revisions\/6548"}],"wp:featuredmedia":[{"embeddable":true,"href":"https:\/\/madridmarcha.com\/en\/wp-json\/wp\/v2\/media\/6549"}],"wp:attachment":[{"href":"https:\/\/madridmarcha.com\/en\/wp-json\/wp\/v2\/media?parent=6547"}],"wp:term":[{"taxonomy":"category","embeddable":true,"href":"https:\/\/madridmarcha.com\/en\/wp-json\/wp\/v2\/categories?post=6547"},{"taxonomy":"post_tag","embeddable":true,"href":"https:\/\/madridmarcha.com\/en\/wp-json\/wp\/v2\/tags?post=6547"}],"curies":[{"name":"wp","href":"https:\/\/api.w.org\/{rel}","templated":true}]}}