{"id":6540,"date":"2024-03-10T17:42:15","date_gmt":"2024-03-10T16:42:15","guid":{"rendered":"https:\/\/madridmarcha.com\/?p=6540"},"modified":"2024-03-10T17:43:53","modified_gmt":"2024-03-10T16:43:53","slug":"laura-garcia-caro-y-alvaro-martin-ganan-en-valencia-el-ensayo-del-olimpico-relevo-mixto","status":"publish","type":"post","link":"https:\/\/madridmarcha.com\/en\/2024\/03\/10\/laura-garcia-caro-y-alvaro-martin-ganan-en-valencia-el-ensayo-del-olimpico-relevo-mixto\/","title":{"rendered":"Laura Garc\u00eda-Caro y \u00c1lvaro Mart\u00edn ganan en Valencia el &#8216;ensayo&#8217; del ol\u00edmpico relevo mixto"},"content":{"rendered":"<p>La pareja formada por los espa\u00f1oles <strong>\u00c1lvaro Mart\u00edn y Laura Garc\u00eda-Caro<\/strong> se ha impuesto este domingo en el Crit\u00e9rium Internacional de relevo mixto de marcha, que se ha celebrado en la Ciudad de las Artes y las Ciencias de Valencia y que sirve como ensayo para los marchadores de cara al <strong>estreno de la modalidad en el programa ol\u00edmpico en los Juegos de Par\u00eds 2024<\/strong>.<\/p>\n\n\n\n<p>En la primera toma de contacto con el relevo mixto -que sustituir\u00e1 en los Juegos a los 50 kil\u00f3metros marcha, que solo ten\u00edan prueba masculina-, cuatro de los cinco d\u00faos espa\u00f1oles entraron en el Top 5. Al frente de todos ellos entraron en meta los subcampeones de Espa\u00f1a de 20 km marcha, \u00c1lvaro Mart\u00edn y Laura Garc\u00eda-Caro, con una marca de<strong> 2:57:04<\/strong> que se qued\u00f3 a apenas 15 segundos de los 2:56:49 con los que Ecuador se llev\u00f3 en noviembre la victoria en los Juegos Panamericanos.<\/p>\n\n\n\n<p>La pareja formada por los flamantes campeones nacionales <strong>Paul McGrath y Cristina Montesinos <\/strong>entr\u00f3 en meta en segunda posici\u00f3n (2:57:33), mientras que el podio lo complet\u00f3 el t\u00e1ndem formado por<strong> Miguel \u00c1ngel L\u00f3pez y Ant\u00eda Chamosa<\/strong> (2:57:53).<\/p>\n\n\n\n<p>El cuarto lugar fue para <strong>Alberto Amezcua y Paula Ju\u00e1rez <\/strong>(2:58:57), mientras que el quinto equipo espa\u00f1ol, formado por <strong>Diego Garc\u00eda Carrera y Raquel Gonz\u00e1lez<\/strong>, cerr\u00f3 la prueba en 3:03:09.<\/p>\n\n\n\n<p>Hasta la fecha, salvo la pareja ecuatoriana formada por<strong> Brian Pintado y Glenda Morej\u00f3n<\/strong>, ning\u00fan otro equipo de otro pa\u00eds ha completado los 42,195 km del relevo mixto de marat\u00f3n de marcha m\u00e1s r\u00e1pido que esos cuatro d\u00faos.<\/p>\n\n\n\n<p>En la prueba de 10 km marcha que se disput\u00f3 paralelamente, el triunfo en categor\u00eda masculina fue para el yeclano<strong> Iv\u00e1n L\u00f3pez<\/strong> (40:46), por delante del ecuatoriano <strong>David Hurtado<\/strong> (41:03) y del tambi\u00e9n internacional absoluto<strong> Manuel Berm\u00fadez <\/strong>(41:30).<\/p>\n\n\n\n<p>En mujeres se impuso con gran claridad la campeona de Europa sub-20 de 10.000 metros marcha, <strong>Sof\u00eda Santacreu<\/strong>, que se situ\u00f3 como tercera espa\u00f1ola sub-20 de todos los tiempos con un registro de 45:25.<\/p>\n\n\n\n<p class=\"has-small-font-size\"><em>Foto: RFEA \/ Migu\u00e9lez Team<\/em><\/p>","protected":false},"excerpt":{"rendered":"<p>La pareja formada por los espa\u00f1oles \u00c1lvaro Mart\u00edn y Laura Garc\u00eda-Caro se ha impuesto este domingo en el Crit\u00e9rium Internacional de relevo mixto de marcha, que se ha celebrado en la Ciudad de las Artes y las Ciencias de Valencia y que sirve como ensayo para los marchadores de cara al estreno&hellip;<\/p>","protected":false},"author":990003,"featured_media":6542,"comment_status":"closed","ping_status":"open","sticky":false,"template":"","format":"standard","meta":{"footnotes":""},"categories":[5,1],"tags":[],"class_list":["post-6540","post","type-post","status-publish","format-standard","has-post-thumbnail","hentry","category-portada","category-uncategorized"],"_links":{"self":[{"href":"https:\/\/madridmarcha.com\/en\/wp-json\/wp\/v2\/posts\/6540","targetHints":{"allow":["GET"]}}],"collection":[{"href":"https:\/\/madridmarcha.com\/en\/wp-json\/wp\/v2\/posts"}],"about":[{"href":"https:\/\/madridmarcha.com\/en\/wp-json\/wp\/v2\/types\/post"}],"author":[{"embeddable":true,"href":"https:\/\/madridmarcha.com\/en\/wp-json\/wp\/v2\/users\/990003"}],"replies":[{"embeddable":true,"href":"https:\/\/madridmarcha.com\/en\/wp-json\/wp\/v2\/comments?post=6540"}],"version-history":[{"count":4,"href":"https:\/\/madridmarcha.com\/en\/wp-json\/wp\/v2\/posts\/6540\/revisions"}],"predecessor-version":[{"id":6545,"href":"https:\/\/madridmarcha.com\/en\/wp-json\/wp\/v2\/posts\/6540\/revisions\/6545"}],"wp:featuredmedia":[{"embeddable":true,"href":"https:\/\/madridmarcha.com\/en\/wp-json\/wp\/v2\/media\/6542"}],"wp:attachment":[{"href":"https:\/\/madridmarcha.com\/en\/wp-json\/wp\/v2\/media?parent=6540"}],"wp:term":[{"taxonomy":"category","embeddable":true,"href":"https:\/\/madridmarcha.com\/en\/wp-json\/wp\/v2\/categories?post=6540"},{"taxonomy":"post_tag","embeddable":true,"href":"https:\/\/madridmarcha.com\/en\/wp-json\/wp\/v2\/tags?post=6540"}],"curies":[{"name":"wp","href":"https:\/\/api.w.org\/{rel}","templated":true}]}}