{"id":6520,"date":"2024-03-01T10:27:45","date_gmt":"2024-03-01T09:27:45","guid":{"rendered":"https:\/\/madridmarcha.com\/?p=6520"},"modified":"2024-03-01T10:53:40","modified_gmt":"2024-03-01T09:53:40","slug":"abel-anton-no-solo-alvaro-martin-y-maria-perez-en-la-marcha-hay-nombres-como-los-de-diego-garcia-mcgrath-cristina-montesinos-o-raquel-gonzalez","status":"publish","type":"post","link":"https:\/\/madridmarcha.com\/en\/2024\/03\/01\/abel-anton-no-solo-alvaro-martin-y-maria-perez-en-la-marcha-hay-nombres-como-los-de-diego-garcia-mcgrath-cristina-montesinos-o-raquel-gonzalez\/","title":{"rendered":"Abel Ant\u00f3n: &#8220;No s\u00f3lo \u00c1lvaro Mart\u00edn y Mar\u00eda P\u00e9rez; en la marcha hay nombres como los de Diego Garc\u00eda, McGrath, Cristina Montesinos o Raquel Gonz\u00e1lez&#8221;"},"content":{"rendered":"<p><strong>Abel Ant\u00f3n<\/strong>, doble campe\u00f3n mundial de marat\u00f3n y director deportivo de la carrera <a href=\"https:\/\/www.madrid15km.es\/\"><strong>15K MetLife Madrid Activa<\/strong><\/a> -que se disputar\u00e1 el pr\u00f3ximo domingo 17 de marzo-, ha concedido una entrevista al gabinete de prensa de dicha carrera en la que habla de varios asuntos, entre ellos el de las <strong>opciones de los atletas espa\u00f1oles en los Juegos Ol\u00edmpicos de Par\u00eds 2024<\/strong>, poniendo el foco en una disciplina que tantos \u00e9xitos ha dado a nuestro atletismo como es la <strong>marcha<\/strong>.<\/p>\n\n\n\n<p>As\u00ed, el soriano, de 61 a\u00f1os, dice que la marcha \u201csiempre ha sido el principal argumento de poder\u00edo del atletismo espa\u00f1ol\u201d y destaca que &#8220;<strong>tanto \u00c1lvaro (Mart\u00edn) como Mar\u00eda (P\u00e9rez) van a estar luchando por las medallas<\/strong>&#8220;, despu\u00e9s de haber conquistado entre ambos un total de cuatro medallas de oro en los Mundiales disputados el pasado verano en Budapest. &#8220;Aunque Mar\u00eda est\u00e1 ahora lesionada, creo que se va a recuperar y va a estar ah\u00ed&#8221;, a\u00f1ade.<\/p>\n\n\n\n<p>Sin embargo, Ant\u00f3n no olvida a otros grandes nombres de la marcha espa\u00f1ola como son los de olvidar a <strong>Diego Garc\u00eda Carrera<\/strong> -director deportivo del <strong>Gran Premio Internacional Finetwork Madrid Marcha<\/strong>-,<strong> Paul McGrath<\/strong>,<strong> Raquel Gonz\u00e1lez<\/strong>,<strong> Laura Garc\u00eda-Caro <\/strong>o<strong> Cristina Montesinos<\/strong>, quien acaba de lograr billete para los Juegos de Par\u00eds tras vencer el pasado domingo en la prueba de 20km del XCIII Campeonato de Espa\u00f1a de Marcha en Ruta, disputado en Zaragoza.<\/p>\n\n\n\n<figure class=\"wp-block-image size-large\"><img loading=\"lazy\" decoding=\"async\" width=\"1024\" height=\"768\" src=\"https:\/\/madridmarcha.com\/wp-content\/uploads\/2024\/03\/abelanton2-1024x768.jpg\" alt=\"\" class=\"wp-image-6526\" srcset=\"https:\/\/madridmarcha.com\/wp-content\/uploads\/2024\/03\/abelanton2-1024x768.jpg 1024w, https:\/\/madridmarcha.com\/wp-content\/uploads\/2024\/03\/abelanton2-300x225.jpg 300w, https:\/\/madridmarcha.com\/wp-content\/uploads\/2024\/03\/abelanton2-768x576.jpg 768w, https:\/\/madridmarcha.com\/wp-content\/uploads\/2024\/03\/abelanton2-1536x1152.jpg 1536w, https:\/\/madridmarcha.com\/wp-content\/uploads\/2024\/03\/abelanton2-16x12.jpg 16w, https:\/\/madridmarcha.com\/wp-content\/uploads\/2024\/03\/abelanton2-370x278.jpg 370w, https:\/\/madridmarcha.com\/wp-content\/uploads\/2024\/03\/abelanton2-745x559.jpg 745w, https:\/\/madridmarcha.com\/wp-content\/uploads\/2024\/03\/abelanton2-365x274.jpg 365w, https:\/\/madridmarcha.com\/wp-content\/uploads\/2024\/03\/abelanton2.jpg 2000w\" sizes=\"auto, (max-width: 1024px) 100vw, 1024px\" \/><\/figure>\n\n\n\n<p class=\"has-small-font-size\"><em>Foto: Guillermo Dom\u00ednguez<\/em><\/p>\n\n\n\n<p>&#8220;En cuanto a las pruebas individuales, es una pena que al final <strong>Mohamed Katir<\/strong> no vaya a poder ir. Y el resto es una inc\u00f3gnita porque <strong>en el medio fondo y el fondo<\/strong> estamos muy bien tambi\u00e9n: el 1.500 y los 800 metros son pruebas tan complicadas en las que igual que puedes hacer medalla te puedes quedar octavo, as\u00ed que es muy dif\u00edcil poder hacer un pron\u00f3stico, aunque alguna sorpresa habr\u00e1\u201d, a\u00f1ade Abel Ant\u00f3n, quien tambi\u00e9n se ha referido a los <strong>Mundiales en pista cubierta de Glasgow<\/strong> (Escocia), que se disputar\u00e1n este mismo fin de semana. <\/p>\n\n\n\n<p>\u201cTenemos muchas posibilidades de conseguir medalla en 1.500 y en 800 con <strong>Mariano Garc\u00eda<\/strong>. Creo que aqu\u00ed tambi\u00e9n podemos lograr dos o tres metales. De todas formas, en un Mundial en pista cubierta, cuando es a\u00f1o ol\u00edmpico, el nivel suele bajar un poco porque no va todo el mundo: muchos atletas prefieren preparar los Juegos, as\u00ed que si cabe hay m\u00e1s de posibilidades de tener \u00e9xito\u201d, dijo respecto a la cita en tierras escocesas.<\/p>\n\n\n\n<p class=\"has-medium-font-size\"><strong>La 15K MetLife Madrid Activa<\/strong><\/p>\n\n\n\n<p>Por supuesto, Abel Ant\u00f3n ha hablado tambi\u00e9n de la <strong>15K MetLife Madrid Activa<\/strong>, una de las carreras m\u00e1s m\u00edticas que se disputan en Madrid y en toda Espa\u00f1a, que su director deportivo volver\u00e1 a disputar por novena ocasi\u00f3n. Y lo har\u00e1, adem\u00e1s, en un momento muy especial para \u00e9l, al cumplirse el <strong>25 aniversario del segundo t\u00edtulo mundial de marat\u00f3n que conquist\u00f3 en Sevilla en 1999<\/strong>, dos a\u00f1os despu\u00e9s del primero que logr\u00f3 en Atenas.<\/p>\n\n\n\n<figure class=\"wp-block-image size-large\"><img loading=\"lazy\" decoding=\"async\" width=\"1024\" height=\"722\" src=\"https:\/\/madridmarcha.com\/wp-content\/uploads\/2024\/03\/abelanton1-1024x722.jpg\" alt=\"\" class=\"wp-image-6527\" srcset=\"https:\/\/madridmarcha.com\/wp-content\/uploads\/2024\/03\/abelanton1-1024x722.jpg 1024w, https:\/\/madridmarcha.com\/wp-content\/uploads\/2024\/03\/abelanton1-300x212.jpg 300w, https:\/\/madridmarcha.com\/wp-content\/uploads\/2024\/03\/abelanton1-768x542.jpg 768w, https:\/\/madridmarcha.com\/wp-content\/uploads\/2024\/03\/abelanton1-1536x1084.jpg 1536w, https:\/\/madridmarcha.com\/wp-content\/uploads\/2024\/03\/abelanton1-18x12.jpg 18w, https:\/\/madridmarcha.com\/wp-content\/uploads\/2024\/03\/abelanton1-370x261.jpg 370w, https:\/\/madridmarcha.com\/wp-content\/uploads\/2024\/03\/abelanton1-745x526.jpg 745w, https:\/\/madridmarcha.com\/wp-content\/uploads\/2024\/03\/abelanton1-365x258.jpg 365w, https:\/\/madridmarcha.com\/wp-content\/uploads\/2024\/03\/abelanton1.jpg 2000w\" sizes=\"auto, (max-width: 1024px) 100vw, 1024px\" \/><\/figure>\n\n\n\n<p class=\"has-small-font-size\"><em>Foto: Guillermo Dom\u00ednguez<\/em><\/p>\n\n\n\n<p>&#8220;Es la carrera m\u00e1s bonita que hay en Madrid. Con la ayuda de MetLife, la prueba es como hijo nuestro que hemos hecho entre todos. Y la verdad es que est\u00e1 saliendo muy bien: cada vez tiene m\u00e1s repercusi\u00f3n y m\u00e1s participantes, as\u00ed que a <strong>nosotros nos corresponde seguir con la misma ilusi\u00f3n o, si cabe, mayor a\u00fan<\/strong>\u201d, comenta el soriano acerca de una carrera que se disputar\u00e1 el <strong>pr\u00f3ximo domingo 17 de marzo <\/strong>con su recorrido tradicional de 15 kil\u00f3metros por las principales calles y avenidas de la capital -salida desde el Paseo de la Castellana, a la altura de la calle Rosario Pino, y meta en la Explanada de la Selecci\u00f3n-.<\/p>\n\n\n\n<p>La 15K MetLife Madrid Activa preserva el car\u00e1cter solidario de ediciones anteriores, pues los fondos recaudados ir\u00e1n destinados a la <strong>Fundaci\u00f3n Educaci\u00f3n Activa para la divulgaci\u00f3n del Trastorno de Atenci\u00f3n e Hiperactividad (TDAH)<\/strong>, que afecta a uno de cada cinco j\u00f3venes, y con el fin de dar apoyo a las becas para familias sin recursos. &#8220;Se ha creado algo muy bonito porque todo el dinero recaudado ir\u00e1 destinado a becar a ni\u00f1os que necesitan ayuda contra el TDAH, lo que les har\u00e1 una vida mejor\u201d, comenta. \u201cLos ni\u00f1os y sus familias lo agradecen, y la propia Fundaci\u00f3n Educaci\u00f3n Activa nos agradece mucho que les apoyemos, as\u00ed que tanto en MetLife como en la organizaci\u00f3n estamos muy contentos\u201d, a\u00f1ade Abel Ant\u00f3n, quien tambi\u00e9n quiso recordar su segundo oro mundial conquistado en Sevilla\u201999, cuando se cumplen 25 a\u00f1os de la gesta.<\/p>\n\n\n\n<p class=\"has-medium-font-size\"><strong>&#8220;Sevilla tiene un color especial&#8230; y m\u00e1s para Abel Ant\u00f3n&#8221;<\/strong><\/p>\n\n\n\n<p>\u201cLo recuerdo casi como si fuera ayer: entrar en el estadio con 65.000 personas esperando, en tu casa y ante tu gente, con un estallido de j\u00fabilo y un griter\u00edo impresionante. A nivel personal hice historia porque me convert\u00ed en el primer atleta que ganaba dos veces un Campeonato del Mundo, pero tambi\u00e9n fue un momento important\u00edsimo para el atletismo y el deporte espa\u00f1ol\u201d, explica. <\/p>\n\n\n\n<figure class=\"wp-block-image size-large is-resized\"><img loading=\"lazy\" decoding=\"async\" width=\"1024\" height=\"683\" src=\"https:\/\/madridmarcha.com\/wp-content\/uploads\/2024\/03\/abelanton3-1024x683.jpg\" alt=\"\" class=\"wp-image-6525\" style=\"width:840px;height:auto\" srcset=\"https:\/\/madridmarcha.com\/wp-content\/uploads\/2024\/03\/abelanton3-1024x683.jpg 1024w, https:\/\/madridmarcha.com\/wp-content\/uploads\/2024\/03\/abelanton3-300x200.jpg 300w, https:\/\/madridmarcha.com\/wp-content\/uploads\/2024\/03\/abelanton3-768x512.jpg 768w, https:\/\/madridmarcha.com\/wp-content\/uploads\/2024\/03\/abelanton3-1536x1024.jpg 1536w, https:\/\/madridmarcha.com\/wp-content\/uploads\/2024\/03\/abelanton3-2048x1365.jpg 2048w, https:\/\/madridmarcha.com\/wp-content\/uploads\/2024\/03\/abelanton3-18x12.jpg 18w, https:\/\/madridmarcha.com\/wp-content\/uploads\/2024\/03\/abelanton3-370x247.jpg 370w, https:\/\/madridmarcha.com\/wp-content\/uploads\/2024\/03\/abelanton3-745x497.jpg 745w, https:\/\/madridmarcha.com\/wp-content\/uploads\/2024\/03\/abelanton3-365x243.jpg 365w\" sizes=\"auto, (max-width: 1024px) 100vw, 1024px\" \/><\/figure>\n\n\n\n<p class=\"has-small-font-size\"><em>Foto: Elliot Cohle<\/em><\/p>\n\n\n\n<p>\u201c\u00bfQue si Sevilla tiene un color especial? Pues para Abel Ant\u00f3n m\u00e1s a\u00fan si cabe\u201d, rememora el soriano, \u201cporque no es lo mismo ganar un Campeonato del Mundo en Jap\u00f3n o en Catar, por poner algunos ejemplos, que <strong>ganarlo en tu casa y con tu afici\u00f3n; eso es como ganarlo dos veces<\/strong>\u201d, concluy\u00f3 Abel Ant\u00f3n en la entrevista al gabinete de prensa de la 15K MetLife Madrid Activa.<\/p>\n\n\n\n<p class=\"has-small-font-size\"><em>Foto principal: Elliot Cohle<\/em><\/p>","protected":false},"excerpt":{"rendered":"<p>Abel Ant\u00f3n, doble campe\u00f3n mundial de marat\u00f3n y director deportivo de la carrera 15K MetLife Madrid Activa -que se disputar\u00e1 el pr\u00f3ximo domingo 17 de marzo-, ha concedido una entrevista al gabinete de prensa de dicha carrera en la que habla de varios asuntos, entre ellos el de las opciones de los&hellip;<\/p>","protected":false},"author":990003,"featured_media":6524,"comment_status":"closed","ping_status":"open","sticky":false,"template":"","format":"standard","meta":{"footnotes":""},"categories":[5,1],"tags":[],"class_list":["post-6520","post","type-post","status-publish","format-standard","has-post-thumbnail","hentry","category-portada","category-uncategorized"],"_links":{"self":[{"href":"https:\/\/madridmarcha.com\/en\/wp-json\/wp\/v2\/posts\/6520","targetHints":{"allow":["GET"]}}],"collection":[{"href":"https:\/\/madridmarcha.com\/en\/wp-json\/wp\/v2\/posts"}],"about":[{"href":"https:\/\/madridmarcha.com\/en\/wp-json\/wp\/v2\/types\/post"}],"author":[{"embeddable":true,"href":"https:\/\/madridmarcha.com\/en\/wp-json\/wp\/v2\/users\/990003"}],"replies":[{"embeddable":true,"href":"https:\/\/madridmarcha.com\/en\/wp-json\/wp\/v2\/comments?post=6520"}],"version-history":[{"count":5,"href":"https:\/\/madridmarcha.com\/en\/wp-json\/wp\/v2\/posts\/6520\/revisions"}],"predecessor-version":[{"id":6533,"href":"https:\/\/madridmarcha.com\/en\/wp-json\/wp\/v2\/posts\/6520\/revisions\/6533"}],"wp:featuredmedia":[{"embeddable":true,"href":"https:\/\/madridmarcha.com\/en\/wp-json\/wp\/v2\/media\/6524"}],"wp:attachment":[{"href":"https:\/\/madridmarcha.com\/en\/wp-json\/wp\/v2\/media?parent=6520"}],"wp:term":[{"taxonomy":"category","embeddable":true,"href":"https:\/\/madridmarcha.com\/en\/wp-json\/wp\/v2\/categories?post=6520"},{"taxonomy":"post_tag","embeddable":true,"href":"https:\/\/madridmarcha.com\/en\/wp-json\/wp\/v2\/tags?post=6520"}],"curies":[{"name":"wp","href":"https:\/\/api.w.org\/{rel}","templated":true}]}}