{"id":6516,"date":"2024-03-01T10:12:49","date_gmt":"2024-03-01T09:12:49","guid":{"rendered":"https:\/\/madridmarcha.com\/?p=6516"},"modified":"2024-03-01T10:14:07","modified_gmt":"2024-03-01T09:14:07","slug":"cristina-montesinos-vence-en-el-nacional-de-20-km-marcha-y-logra-billete-para-los-juegos-de-paris","status":"publish","type":"post","link":"https:\/\/madridmarcha.com\/en\/2024\/03\/01\/cristina-montesinos-vence-en-el-nacional-de-20-km-marcha-y-logra-billete-para-los-juegos-de-paris\/","title":{"rendered":"Cristina Montesinos vence en el Nacional de 20 km marcha y logra billete para los Juegos de Par\u00eds"},"content":{"rendered":"<p>La catalana<strong>\u00a0Cristina Montesinos\u00a0<\/strong>(Pi\u00e9lagos) se impuso en el <strong>XCIII Campeonato de Espa\u00f1a de Marcha <\/strong>en Ruta celebrado el pasado domingo en Zaragoza con\u00a0un tiempo de 1:28:43, por lo que <strong>consigue plaza para los Juegos Ol\u00edmpicos de Par\u00eds 2024.<\/strong> La atleta de Terrassa se suma as\u00ed a la campeona mundial <strong>Mar\u00eda P\u00e9rez<\/strong>, que no estuvo en la prueba, en su objetivo de estar en los JJOO.<\/p>\n\n\n\n<p>Tras Montesinos se clasificaron<strong>\u00a0Laura Garc\u00eda-Caro<\/strong>, a 20 segundos, y<strong> Raquel Gonz\u00e1lez<\/strong>, a 24 segundos, que tambi\u00e9n marcaron un registro inferior a la m\u00ednima ol\u00edmpica exigida de 1:29:20. Sin embargo, pese a lograr  esa m\u00ednima ol\u00edmpica, s\u00f3lo hay tres plazas disponibles, por lo que Raquel y Laura se jugar\u00e1n ese tercer billete en las pr\u00f3ximas semanas.<\/p>\n\n\n\n<p>Las aspirantes salieron a por todas desde los primeros metros y,\u00a0con poco m\u00e1s de 400 metros completados, ya se hab\u00eda formado el grupo de elegidas.<\/p>\n\n\n\n<p>Montesinos buscaba la m\u00ednima ol\u00edmpica: no pod\u00eda permitirse especular con un ritmo de inicio inadecuado<strong>, por lo que aceler\u00f3 en el kil\u00f3metro 2 y se march\u00f3 en solitario\u00a0<\/strong>sin que sus adversarias pudiesen mantenerse cerca. Por detr\u00e1s reaccion\u00f3 Raquel Gonz\u00e1lez, que<strong>\u00a0<\/strong>fue capaz de<strong> alcanzar a Montesinos en el kil\u00f3metro 9 e incluso ponerse al frente de la carrera<\/strong>. Su gloria fue ef\u00edmera y, tras unos kil\u00f3metros haciendo la goma, termin\u00f3 pagando muy caro su esfuerzo.<\/p>\n\n\n\n<p>La recuperada Laura Garc\u00ed-Caro, una vez\u00a0<strong>superados sus problemas de covid persistente y tras casi dos a\u00f1os en blanco<\/strong>, hizo una carrera de menos a m\u00e1s y lleg\u00f3 a ver cerca a Montesinos, que supo contener su ataque para irse definitivamente a por el t\u00edtulo.<\/p>\n\n\n\n<p>Tras la prueba, Cristina Montesinos calific\u00f3 de &#8220;perfecta&#8221; la jornada en la capital aragonesa a la que hab\u00edan llegado\u00a0<strong>&#8220;con miedo por el clima&#8221; y la posibilidad de que hubiera viento<\/strong>\u00a0que finalmente respet\u00f3 a todos los competidores. &#8220;Desde el principio he visto que ten\u00eda buen ritmo y por fin he conseguido lo que buscaba y me quito un peso de encima&#8221;, dijo.<\/p>\n\n\n\n<p>Por su parte,\u00a0Laura Garc\u00eda-Caro calific\u00f3 la <strong>carrera como &#8220;muy competida&#8221;\u00a0<\/strong>y manifest\u00f3 su alegr\u00eda por haber pasado p\u00e1gina con sus problemas f\u00edsicos y haber hecho una carrera &#8220;con una marca que hace poco me parec\u00eda imposible&#8221;.<\/p>","protected":false},"excerpt":{"rendered":"<p>La catalana\u00a0Cristina Montesinos\u00a0(Pi\u00e9lagos) se impuso en el XCIII Campeonato de Espa\u00f1a de Marcha en Ruta celebrado el pasado domingo en Zaragoza con\u00a0un tiempo de 1:28:43, por lo que consigue plaza para los Juegos Ol\u00edmpicos de Par\u00eds 2024. La atleta de Terrassa se suma as\u00ed a la campeona mundial Mar\u00eda P\u00e9rez, que no&hellip;<\/p>","protected":false},"author":990003,"featured_media":6519,"comment_status":"closed","ping_status":"open","sticky":false,"template":"","format":"standard","meta":{"footnotes":""},"categories":[5,1],"tags":[],"class_list":["post-6516","post","type-post","status-publish","format-standard","has-post-thumbnail","hentry","category-portada","category-uncategorized"],"_links":{"self":[{"href":"https:\/\/madridmarcha.com\/en\/wp-json\/wp\/v2\/posts\/6516","targetHints":{"allow":["GET"]}}],"collection":[{"href":"https:\/\/madridmarcha.com\/en\/wp-json\/wp\/v2\/posts"}],"about":[{"href":"https:\/\/madridmarcha.com\/en\/wp-json\/wp\/v2\/types\/post"}],"author":[{"embeddable":true,"href":"https:\/\/madridmarcha.com\/en\/wp-json\/wp\/v2\/users\/990003"}],"replies":[{"embeddable":true,"href":"https:\/\/madridmarcha.com\/en\/wp-json\/wp\/v2\/comments?post=6516"}],"version-history":[{"count":1,"href":"https:\/\/madridmarcha.com\/en\/wp-json\/wp\/v2\/posts\/6516\/revisions"}],"predecessor-version":[{"id":6517,"href":"https:\/\/madridmarcha.com\/en\/wp-json\/wp\/v2\/posts\/6516\/revisions\/6517"}],"wp:featuredmedia":[{"embeddable":true,"href":"https:\/\/madridmarcha.com\/en\/wp-json\/wp\/v2\/media\/6519"}],"wp:attachment":[{"href":"https:\/\/madridmarcha.com\/en\/wp-json\/wp\/v2\/media?parent=6516"}],"wp:term":[{"taxonomy":"category","embeddable":true,"href":"https:\/\/madridmarcha.com\/en\/wp-json\/wp\/v2\/categories?post=6516"},{"taxonomy":"post_tag","embeddable":true,"href":"https:\/\/madridmarcha.com\/en\/wp-json\/wp\/v2\/tags?post=6516"}],"curies":[{"name":"wp","href":"https:\/\/api.w.org\/{rel}","templated":true}]}}