{"id":6448,"date":"2023-10-24T21:23:41","date_gmt":"2023-10-24T20:23:41","guid":{"rendered":"https:\/\/madridmarcha.com\/?p=6448"},"modified":"2023-10-24T21:24:16","modified_gmt":"2023-10-24T20:24:16","slug":"maria-perez-entre-las-100-mujeres-espanolas-mas-influyentes","status":"publish","type":"post","link":"https:\/\/madridmarcha.com\/en\/2023\/10\/24\/maria-perez-entre-las-100-mujeres-espanolas-mas-influyentes\/","title":{"rendered":"Mar\u00eda P\u00e9rez, entre las 100 mujeres espa\u00f1olas m\u00e1s influyentes"},"content":{"rendered":"<p>La prestigiosa revista &#8216;Forbes&#8217;, especializada en el mundo de los negocios y las finanzas, ha seleccionado a la atleta granadina <strong>Mar\u00eda P\u00e9rez<\/strong> entre las 100 mujeres espa\u00f1olas m\u00e1s influyentes despu\u00e9s de proclamarse bicampeona del mundo en las pruebas de 20 y 35 kil\u00f3metros marcha en los Mundiales de atletismo disputados el pasado mes de agosto en Budapest (Hungr\u00eda).<\/p>\n\n\n\n<p>&#8216;Forbes&#8217; public\u00f3 recientemente su prestigioso<strong> Top 100 de mujeres m\u00e1s influyentes en Espa\u00f1a<\/strong>, un reconocimiento que re\u00fane a empresarias, cantantes, dise\u00f1adoras, investigadoras o pol\u00edticas, entre otros \u00e1mbitos de la sociedad. <\/p>\n\n\n\n<p>En esta ocasi\u00f3n la revista ha destacado a varias deportistas del panorama espa\u00f1ol, entre las que se encuentran algunas jugadoras de la selecci\u00f3n espa\u00f1ola de f\u00fatbol que el pasado mes de agosto se proclam\u00f3 campeona del mundo por primera vez en su historia. En concreto, &#8216;Forbes&#8217; cita a cuatro futbolistas en particular: <strong>Salma Paralluelo, Jenni Hermoso, Olga Carmona y Aitana Bonmat\u00ed<\/strong>. Cabe destacar la ausencia de <strong>Alexia Putellas<\/strong>, ya que el mero hecho de haber ganado dos veces el Bal\u00f3n de Oro la sit\u00faa por encima del resto de sus compa\u00f1eras.&nbsp;<\/p>\n\n\n\n<p>Sin embargo, m\u00e1s all\u00e1 del mundo del f\u00fatbol, la prestigiosa publicaci\u00f3n ha incluido tambi\u00e9n el nombre de Mar\u00eda P\u00e9rez en su lista. La joven granadina ha sido la <strong>primera espa\u00f1ola en conseguir dos medallas de oro en un mismo mundial<\/strong>, mientras que el pasado mes de mayo hab\u00eda batido el r\u00e9cord del mundo de los 35km marcha, con un tiempo de 2h.37:15, durante los Campeonatos de Europa de marcha por equipos celebrados en Podebrady (Rep\u00fablica Checa).<\/p>","protected":false},"excerpt":{"rendered":"<p>La prestigiosa revista &#8216;Forbes&#8217;, especializada en el mundo de los negocios y las finanzas, ha seleccionado a la atleta granadina Mar\u00eda P\u00e9rez entre las 100 mujeres espa\u00f1olas m\u00e1s influyentes despu\u00e9s de proclamarse bicampeona del mundo en las pruebas de 20 y 35 kil\u00f3metros marcha en los Mundiales de atletismo disputados el pasado&hellip;<\/p>","protected":false},"author":990003,"featured_media":6394,"comment_status":"closed","ping_status":"open","sticky":false,"template":"","format":"standard","meta":{"footnotes":""},"categories":[5,1],"tags":[],"class_list":["post-6448","post","type-post","status-publish","format-standard","has-post-thumbnail","hentry","category-portada","category-uncategorized"],"_links":{"self":[{"href":"https:\/\/madridmarcha.com\/en\/wp-json\/wp\/v2\/posts\/6448","targetHints":{"allow":["GET"]}}],"collection":[{"href":"https:\/\/madridmarcha.com\/en\/wp-json\/wp\/v2\/posts"}],"about":[{"href":"https:\/\/madridmarcha.com\/en\/wp-json\/wp\/v2\/types\/post"}],"author":[{"embeddable":true,"href":"https:\/\/madridmarcha.com\/en\/wp-json\/wp\/v2\/users\/990003"}],"replies":[{"embeddable":true,"href":"https:\/\/madridmarcha.com\/en\/wp-json\/wp\/v2\/comments?post=6448"}],"version-history":[{"count":2,"href":"https:\/\/madridmarcha.com\/en\/wp-json\/wp\/v2\/posts\/6448\/revisions"}],"predecessor-version":[{"id":6450,"href":"https:\/\/madridmarcha.com\/en\/wp-json\/wp\/v2\/posts\/6448\/revisions\/6450"}],"wp:featuredmedia":[{"embeddable":true,"href":"https:\/\/madridmarcha.com\/en\/wp-json\/wp\/v2\/media\/6394"}],"wp:attachment":[{"href":"https:\/\/madridmarcha.com\/en\/wp-json\/wp\/v2\/media?parent=6448"}],"wp:term":[{"taxonomy":"category","embeddable":true,"href":"https:\/\/madridmarcha.com\/en\/wp-json\/wp\/v2\/categories?post=6448"},{"taxonomy":"post_tag","embeddable":true,"href":"https:\/\/madridmarcha.com\/en\/wp-json\/wp\/v2\/tags?post=6448"}],"curies":[{"name":"wp","href":"https:\/\/api.w.org\/{rel}","templated":true}]}}