{"id":6292,"date":"2023-06-05T11:54:24","date_gmt":"2023-06-05T10:54:24","guid":{"rendered":"https:\/\/madridmarcha.com\/?p=6292"},"modified":"2023-06-05T11:59:44","modified_gmt":"2023-06-05T10:59:44","slug":"alvaro-martin-y-diego-garcia-carrera-suben-al-podio-en-el-gp-cantones","status":"publish","type":"post","link":"https:\/\/madridmarcha.com\/en\/2023\/06\/05\/alvaro-martin-y-diego-garcia-carrera-suben-al-podio-en-el-gp-cantones\/","title":{"rendered":"\u00c1lvaro Mart\u00edn y Diego Garc\u00eda Carrera suben al podio en el GP Cantones"},"content":{"rendered":"<p>El brasile\u00f1o <strong>Caio Bonfim<\/strong> ha ganado por primera vez e<strong>l Gran Premio Internacional de marcha atl\u00e9tica Cantones <\/strong>de La Coru\u00f1a.<\/p>\n\n\n\n<p>Tras exhibirse desde las primeras vueltas, el sudamericano, que ven\u00eda de ser segundo en el <strong>II Gran Premio Internacional Finetwork Madrid Marcha, Cita de Campeones<\/strong> \u2014s\u00f3lo superado por el italiano Francesco Fortunato\u2014, fue eliminando rivales con el avance de la prueba y defini\u00f3 la victoria en los dos \u00faltimos giros, en los que cedi\u00f3 el ganador de 2022, <strong>\u00c1lvaro Mart\u00edn<\/strong>, que fue segundo, justo por delante de su compatriota<strong> Diego Garc\u00eda Carrera<\/strong>.<br><br>Bonfim no se escondi\u00f3 y se puso al frente del grupo de cabeza ya en los primeros metros de esta<strong> Gold event of the World Race Walking Tour<\/strong>, el&nbsp;circuito mundial de marcha, que const\u00f3 de 20km tanto en categor\u00eda masculina como femenina. Junto al sudamericano, dominaron las vueltas iniciales \u00c1lvaro Mart\u00edn, el japon\u00e9s<strong> Yuta Koga<\/strong>, los colombianos <strong>Daniel Hurtado<\/strong> y<strong> Brian Pintado <\/strong>y el chino <strong>Jun Zhang<\/strong>, aunque \u00e9ste se cay\u00f3 del grupo de cabeza cuando Bonfim dio un paso al frente tras 16 vueltas completadas.<\/p>\n\n\n\n<p>\u00c1lvaro Mart\u00edn, que intent\u00f3 aguantarle el ritmo, pero le result\u00f3 imposible y no pudo revalidar su triunfo en Cantones, donde por primera vez se impuso el brasile\u00f1o, que pudo saborear la victoria al haber afrontado el \u00faltimo kil\u00f3metro con 19 segundos de ventaja.<br><br>As\u00ed, Bonfim acab\u00f3 ganando el Gran Premio Internacional de marcha atl\u00e9tica Cantones con un tiempo de 1h18:29, por delante de \u00c1lvaro Mart\u00edn (1h18:49) y Diego Garc\u00eda Carrera (1h19:25). El siguiente espa\u00f1ol en la clasificaci\u00f3n fue <strong>Miguel \u00c1ngel L\u00f3pez<\/strong> al terminar decimoquinto (1h21:52), mientras que <strong>\u00c1lvaro L\u00f3pez <\/strong>fue vig\u00e9simo segundo (1h22:49).<\/p>\n\n\n\n<p style=\"font-size:22px\"><strong>Un problema estomacal frustra a Mar\u00eda P\u00e9rez<\/strong><\/p>\n\n\n\n<p>En categor\u00eda femenina el triunfo ha sido para la bicampeona mundial peruana <strong>Kimberly Garc\u00eda<\/strong>, que ha inscrito por primera vez su nombre en este GP Cantones. La atleta de Huancayo, que el a\u00f1o pasado fue segunda en La Coru\u00f1a, aprovech\u00f3 una indisposici\u00f3n de la espa\u00f1ola <strong>Mar\u00eda P\u00e9rez<\/strong> cuando lideraba la prueba en solitario, un contratiempo del que la granadina consigui\u00f3 rehacerse para acabar en quinta posici\u00f3n.<br><br>P\u00e9rez, flamante <strong>r\u00e9cord del mundo de 35 kil\u00f3metros <\/strong>en la reciente Copa de Europa de marcha por equipos disputada en Podebrady<strong>\u00a0<\/strong>(Rep\u00fablica Checa) con un tiempo de 2h37:15, fue a por todas en los 20km de la prueba coru\u00f1esa. La atleta de Orce atac\u00f3 en la octava vuelta y dej\u00f3 atr\u00e1s el grupo en el que marchaban, entre otras, las chinas<strong> Shijie Quieyang<\/strong>, <strong>Jiayu Yang<\/strong>, la mexicana <strong>Alegna Gonz\u00e1lez <\/strong>y la propia Kimberly Garc\u00eda.<br><br>Sorprendi\u00f3 ese ataque tempranero de Mar\u00eda P\u00e9rez, que lleg\u00f3 a disponer de 18 segundos sobre sus perseguidoras, con Alegna Gonz\u00e1lez como la m\u00e1s fuerte por detr\u00e1s. Sin embargo, cuando llevaba casi una hora de prueba (57 minutos), la granadina<strong> empez\u00f3 a sentirse indispuesta y tuvo que interrumpir la marcha durante unos instantes<\/strong>. Aunque logr\u00f3 restablecerse, ya hab\u00eda cedido ante sus rivales.<\/p>\n\n\n\n<figure class=\"wp-block-image size-large\"><img loading=\"lazy\" decoding=\"async\" width=\"1024\" height=\"711\" src=\"https:\/\/madridmarcha.com\/wp-content\/uploads\/2023\/06\/kimberlygarcia-1024x711.jpg\" alt=\"\" class=\"wp-image-6294\" srcset=\"https:\/\/madridmarcha.com\/wp-content\/uploads\/2023\/06\/kimberlygarcia-1024x711.jpg 1024w, https:\/\/madridmarcha.com\/wp-content\/uploads\/2023\/06\/kimberlygarcia-300x208.jpg 300w, https:\/\/madridmarcha.com\/wp-content\/uploads\/2023\/06\/kimberlygarcia-768x533.jpg 768w, https:\/\/madridmarcha.com\/wp-content\/uploads\/2023\/06\/kimberlygarcia-1536x1066.jpg 1536w, https:\/\/madridmarcha.com\/wp-content\/uploads\/2023\/06\/kimberlygarcia-2048x1421.jpg 2048w, https:\/\/madridmarcha.com\/wp-content\/uploads\/2023\/06\/kimberlygarcia-18x12.jpg 18w, https:\/\/madridmarcha.com\/wp-content\/uploads\/2023\/06\/kimberlygarcia-370x257.jpg 370w, https:\/\/madridmarcha.com\/wp-content\/uploads\/2023\/06\/kimberlygarcia-745x517.jpg 745w, https:\/\/madridmarcha.com\/wp-content\/uploads\/2023\/06\/kimberlygarcia-365x253.jpg 365w\" sizes=\"auto, (max-width: 1024px) 100vw, 1024px\" \/><\/figure>\n\n\n\n<p><br>As\u00ed, el GP Cantones se convirti\u00f3 en un mano a mano entre las dos \u00faltimas, <strong>Quanming Wu<\/strong> y Kimberly Garc\u00eda, que cruz\u00f3 la meta con un tiempo ganador de 1h26:40, con ocho segundos de ventaja sobre la china y 19 respecto a Alegna Gonz\u00e1lez, que complet\u00f3 el podio.<br><br>Mar\u00eda P\u00e9rez se dej\u00f3 finalmente 39 segundos y entr\u00f3 quinta en la meta con un registro de 1h27:19. Las otras tres espa\u00f1olas que acabaron en el top 20 fueron <strong>Raquel Gonz\u00e1lez <\/strong>(d\u00e9cima con 1h30:15), <strong>Cristina Montesinos<\/strong> (und\u00e9cima con 1h30:39) y <strong>Ant\u00eda Chamosa<\/strong> (decimocuarta con un tiempo de 1h32:06).<\/p>","protected":false},"excerpt":{"rendered":"<p>El brasile\u00f1o Caio Bonfim ha ganado por primera vez el Gran Premio Internacional de marcha atl\u00e9tica Cantones de La Coru\u00f1a. Tras exhibirse desde las primeras vueltas, el sudamericano, que ven\u00eda de ser segundo en el II Gran Premio Internacional Finetwork Madrid Marcha, Cita de Campeones \u2014s\u00f3lo superado por el italiano Francesco Fortunato\u2014,&hellip;<\/p>","protected":false},"author":990003,"featured_media":6295,"comment_status":"closed","ping_status":"open","sticky":false,"template":"","format":"standard","meta":{"footnotes":""},"categories":[5,1],"tags":[],"class_list":["post-6292","post","type-post","status-publish","format-standard","has-post-thumbnail","hentry","category-portada","category-uncategorized"],"_links":{"self":[{"href":"https:\/\/madridmarcha.com\/en\/wp-json\/wp\/v2\/posts\/6292","targetHints":{"allow":["GET"]}}],"collection":[{"href":"https:\/\/madridmarcha.com\/en\/wp-json\/wp\/v2\/posts"}],"about":[{"href":"https:\/\/madridmarcha.com\/en\/wp-json\/wp\/v2\/types\/post"}],"author":[{"embeddable":true,"href":"https:\/\/madridmarcha.com\/en\/wp-json\/wp\/v2\/users\/990003"}],"replies":[{"embeddable":true,"href":"https:\/\/madridmarcha.com\/en\/wp-json\/wp\/v2\/comments?post=6292"}],"version-history":[{"count":5,"href":"https:\/\/madridmarcha.com\/en\/wp-json\/wp\/v2\/posts\/6292\/revisions"}],"predecessor-version":[{"id":6299,"href":"https:\/\/madridmarcha.com\/en\/wp-json\/wp\/v2\/posts\/6292\/revisions\/6299"}],"wp:featuredmedia":[{"embeddable":true,"href":"https:\/\/madridmarcha.com\/en\/wp-json\/wp\/v2\/media\/6295"}],"wp:attachment":[{"href":"https:\/\/madridmarcha.com\/en\/wp-json\/wp\/v2\/media?parent=6292"}],"wp:term":[{"taxonomy":"category","embeddable":true,"href":"https:\/\/madridmarcha.com\/en\/wp-json\/wp\/v2\/categories?post=6292"},{"taxonomy":"post_tag","embeddable":true,"href":"https:\/\/madridmarcha.com\/en\/wp-json\/wp\/v2\/tags?post=6292"}],"curies":[{"name":"wp","href":"https:\/\/api.w.org\/{rel}","templated":true}]}}