{"id":6279,"date":"2023-05-26T10:03:28","date_gmt":"2023-05-26T09:03:28","guid":{"rendered":"https:\/\/madridmarcha.com\/?p=6279"},"modified":"2023-05-26T11:42:10","modified_gmt":"2023-05-26T10:42:10","slug":"madrid-marcha-consolida-su-crecimiento-con-unas-cifras-espectaculares","status":"publish","type":"post","link":"https:\/\/madridmarcha.com\/en\/2023\/05\/26\/madrid-marcha-consolida-su-crecimiento-con-unas-cifras-espectaculares\/","title":{"rendered":"Finetwork Madrid Marcha consolida su crecimiento con cifras espectaculares"},"content":{"rendered":"<p>The <strong>II Gran Premio Internacional Finetwork Madrid Marcha, Cita de Campeones<\/strong>, celebrado el pasado 30 de abril en la Gran V\u00eda madrile\u00f1a \u2014en un recorrido de 10 kil\u00f3metros, desarrollado en el circuito urbano homologado de un kil\u00f3metro entre la Plaza de Callao y el edificio de Telef\u00f3nica\u2014, fue todo un \u00e9xito. Pero ya no s\u00f3lo a nivel deportivo, sino tambi\u00e9n en el aspecto econ\u00f3mico, el medi\u00e1tico y en lo que a la asistencia de p\u00fablico se refiere.<\/p>\n\n\n\n<p>Son las cuatro patas de un banco que convierten a esta prueba en el evento de referencia de la especialidad de la marcha atl\u00e9tica a nivel mundial.<\/p>\n\n\n\n<p>El Gran Premio Internacional Finetwork Madrid Marcha, Cita de Campeones, que est\u00e1 organizado por la empresa G2O Publisport y tiene como ide\u00f3logo al marchador <strong>Diego Garc\u00eda Carrera <\/strong>\u2014medalla de bronce en la prueba de 20km marcha de los \u00faltimos Europeos de atletismo disputados en septiembre de 2022 en M\u00fanich (Alemania)\u2014, cuenta con el patrocinio de LaLiga, el Ayuntamiento de Madrid y la Comunidad de Madrid. Adem\u00e1s, desde este a\u00f1o tiene como patrocinador principal a <strong>Finetwork<\/strong>, compa\u00f1\u00eda espa\u00f1ola de fibra y m\u00f3vil que opera en el sector de las telecomunicaciones desde 2019.<\/p>\n\n\n\n<p>En lo estrictamente deportivo, los principales triunfadores fueron el italiano <strong>Francesco Fortunato<\/strong> (38:56) y la china <strong>Jiayu Yang <\/strong>(43:20), campeona del mundo de 2017, al imponerse en categor\u00eda masculina y femenina, respectivamente, de un total de <strong>89 participantes en la carrera absoluta<\/strong>. Pero no s\u00f3lo Fortunato y Yang brillaron con luz propia sobre el asfalto de la Gran V\u00eda madrile\u00f1a, sino que otros muchos marchadores tambi\u00e9n tuvieron destacadas actuaciones.<\/p>\n\n\n\n<p>Fue el caso, por ejemplo, de <strong>Paul McGrath<\/strong>. El joven barcelon\u00e9s de 21 a\u00f1os, que es campe\u00f3n de Europa y bronce mundial en categor\u00eda sub-20 en la distancia de 10km, fue el mejor de los espa\u00f1oles en el II Gran Premio Internacional Finetwork Madrid Marcha, Cita de Campeones, al acabar en quinta posici\u00f3n con un registro de 39:06, lo que supone rebajar en 21 segundos la mejor marca espa\u00f1ola de la historia sub-23 en 10km marcha en ruta, que el m\u00edtico <strong>Valent\u00edn Massana <\/strong>ten\u00eda desde 1992.<\/p>\n\n\n\n<figure class=\"wp-block-image size-large\"><img loading=\"lazy\" decoding=\"async\" width=\"1024\" height=\"683\" src=\"https:\/\/madridmarcha.com\/wp-content\/uploads\/2023\/04\/carrera-1024x683.jpeg\" alt=\"\" class=\"wp-image-6233\" srcset=\"https:\/\/madridmarcha.com\/wp-content\/uploads\/2023\/04\/carrera-1024x683.jpeg 1024w, https:\/\/madridmarcha.com\/wp-content\/uploads\/2023\/04\/carrera-300x200.jpeg 300w, https:\/\/madridmarcha.com\/wp-content\/uploads\/2023\/04\/carrera-768x512.jpeg 768w, https:\/\/madridmarcha.com\/wp-content\/uploads\/2023\/04\/carrera-1536x1025.jpeg 1536w, https:\/\/madridmarcha.com\/wp-content\/uploads\/2023\/04\/carrera-18x12.jpeg 18w, https:\/\/madridmarcha.com\/wp-content\/uploads\/2023\/04\/carrera-370x247.jpeg 370w, https:\/\/madridmarcha.com\/wp-content\/uploads\/2023\/04\/carrera-745x497.jpeg 745w, https:\/\/madridmarcha.com\/wp-content\/uploads\/2023\/04\/carrera-365x243.jpeg 365w, https:\/\/madridmarcha.com\/wp-content\/uploads\/2023\/04\/carrera.jpeg 2000w\" sizes=\"auto, (max-width: 1024px) 100vw, 1024px\" \/><\/figure>\n\n\n\n<p>Muchos de estos 89 marchadores tambi\u00e9n brillaron tres semanas despu\u00e9s en la<strong> Copa de Europa de marcha por equipos<\/strong>, disputada el pasado 21 de mayo en Podebrady (Rep\u00fablica Checa). Fortunato se impuso en Madrid y d\u00edas despu\u00e9s en tierras checas para liderar la victoria de Italia en la prueba de 20km, por delante de Espa\u00f1a, gracias tambi\u00e9n al tercer puesto de <strong>Massimo Stano<\/strong>, el campe\u00f3n ol\u00edmpico de la distancia en los Juegos de Tokio 2020, que ven\u00eda de firmar el cuarto mejor registro en Madrid.<\/p>\n\n\n\n<p>Entre los dos transalpinos, segundo, se situ\u00f3 el sueco <strong>Perseus Karlstr\u00f6m<\/strong>, vencedor de la primera edici\u00f3n del Gran Premio Internacional Madrid Marcha, pero que en el segundo certamen no pudo pasar del d\u00e9cimo puesto. Asimismo, resaltar el primer puesto en Podebrady de la griega <strong>Antigoni Ntrismpioti<\/strong> y el segundo de la italiana <strong>Antonella Palmisano<\/strong> en 20km, despu\u00e9s de haber sido octava y decimotercera en la capital de Espa\u00f1a, respectivamente.<\/p>\n\n\n\n<p>Si destacada fue la actuaci\u00f3n de los italianos, m\u00e1s todav\u00eda la de los marchadores espa\u00f1oles en tierras checas, pues Espa\u00f1a domin\u00f3 la cita de Podebrady por equipos en los 35 kil\u00f3metros, tanto en categor\u00eda masculina como femenina. <strong>Mar\u00eda P\u00e9rez<\/strong> gan\u00f3 la carrera femenina con r\u00e9cord del mundo (2h37:15) por delante de la barcelonesa <strong>Raquel Gonz\u00e1lez<\/strong>, que ven\u00eda de ser duod\u00e9cima en Madrid, y de la tambi\u00e9n barcelonesa <strong>Cristina Montesinos<\/strong>.<\/p>\n\n\n\n<p>Entre los chicos el extreme\u00f1o <strong>\u00c1lvaro Mart\u00edn<\/strong>, campe\u00f3n de Europa de 20 kil\u00f3metros en M\u00fanich 2022, lleg\u00f3 el primero tras dominar la carrera de principio a fin y parar el crono en 2h25:35 (r\u00e9cord de Espa\u00f1a), por delante del alem\u00e1n <strong>Christopher Linke<\/strong>, que hab\u00eda sido sexto en Madrid, y del tambi\u00e9n<strong> Miguel \u00c1ngel L\u00f3pez<\/strong>, tercero.<br><br>El tercer marchador que asegur\u00f3 el triunfo en la general por equipos fue el balear <strong>Marc Tur<\/strong>, octavo en Podebrady despu\u00e9s de haber sido decimosexto en la capital de Espa\u00f1a.<\/p>\n\n\n\n<p>El otro equipo espa\u00f1ol en categor\u00eda absoluta en la Rep\u00fablica Checa fue el masculino de los 20 kil\u00f3metros, que tambi\u00e9n subi\u00f3 al podio y se colg\u00f3 la plata gracias a la actuaci\u00f3n de <strong>Alberto Amezcua <\/strong>(cuarto),<strong> Paul McGrath<\/strong> (quinto) y <strong>Diego Garc\u00eda Carrera<\/strong> (s\u00e9ptimo, despu\u00e9s de haber firmado un noveno puesto en el II Gran Premio Internacional Finetwork Madrid Marcha).<\/p>\n\n\n\n<p style=\"font-size:22px\"><strong>Asistencia, OTS y AVE<\/strong><\/p>\n\n\n\n<p>En cuanto a la asistencia de p\u00fablico de la cita madrile\u00f1a, <strong>m\u00e1s de 10.000 personas acudieron a la Gran V\u00eda <\/strong>para presenciar la prueba en directo y a lo largo del circuito. Un evento que se desarroll\u00f3 en un ambiente deportivo-festivo, sin que se registrara ni una sola incidencia.<\/p>\n\n\n\n<figure class=\"wp-block-image size-large\"><img loading=\"lazy\" decoding=\"async\" width=\"1024\" height=\"683\" src=\"https:\/\/madridmarcha.com\/wp-content\/uploads\/2023\/05\/GR7C5590-1024x683.jpg\" alt=\"\" class=\"wp-image-6283\" srcset=\"https:\/\/madridmarcha.com\/wp-content\/uploads\/2023\/05\/GR7C5590-1024x683.jpg 1024w, https:\/\/madridmarcha.com\/wp-content\/uploads\/2023\/05\/GR7C5590-300x200.jpg 300w, https:\/\/madridmarcha.com\/wp-content\/uploads\/2023\/05\/GR7C5590-768x512.jpg 768w, https:\/\/madridmarcha.com\/wp-content\/uploads\/2023\/05\/GR7C5590-1536x1024.jpg 1536w, https:\/\/madridmarcha.com\/wp-content\/uploads\/2023\/05\/GR7C5590-2048x1365.jpg 2048w, https:\/\/madridmarcha.com\/wp-content\/uploads\/2023\/05\/GR7C5590-18x12.jpg 18w, https:\/\/madridmarcha.com\/wp-content\/uploads\/2023\/05\/GR7C5590-370x247.jpg 370w, https:\/\/madridmarcha.com\/wp-content\/uploads\/2023\/05\/GR7C5590-745x497.jpg 745w, https:\/\/madridmarcha.com\/wp-content\/uploads\/2023\/05\/GR7C5590-365x243.jpg 365w\" sizes=\"auto, (max-width: 1024px) 100vw, 1024px\" \/><\/figure>\n\n\n\n<p>La segunda edici\u00f3n del Gran Premio Internacional Madrid Marcha ha tenido tambi\u00e9n un gran impacto econ\u00f3mico en t\u00e9rminos <strong>AVE<\/strong> (siglas de \u2018advertising value equivalency\u2019, que valora la informaci\u00f3n en t\u00e9rminos econ\u00f3micos) con un impacto de <strong>3,46 millones de euros, lo que supone un incremento del 70,44 por ciento<\/strong> con respecto a la primera edici\u00f3n.<\/p>\n\n\n\n<p>En cuanto a los datos de audiencia, el crecimiento ha sido todav\u00eda m\u00e1s espectacular, pues el dato de <strong>OTS <\/strong>(siglas de &#8216;opportunity to see&#8217;, que hace referencia al n\u00famero de veces que un anuncio ha sido visto por un consumidor desde el momento de su publicaci\u00f3n) ha pasado de 79,3 millones de espectadores de la primera edici\u00f3n a los <strong>440 millones<\/strong> de la segunda, lo que supone un <strong>aumento del 456,9 por ciento<\/strong>.<\/p>\n\n\n\n<p>En concreto, se han publicado<strong> 186 art\u00edculos relacionados con el II Gran Premio Internacional Finetwork Madrid Marcha, Cita de Campeones<\/strong>: 155 en web, 20 en prensa escrita, ocho en radio y tres en televisi\u00f3n.<\/p>\n\n\n\n<div data-wp-interactive=\"core\/file\" class=\"wp-block-file\"><object data-wp-bind--hidden=\"!state.hasPdfPreview\" hidden class=\"wp-block-file__embed\" data=\"https:\/\/madridmarcha.com\/wp-content\/uploads\/2023\/05\/Madrid-Marcha-vf-Finetwork-4.0_compressed.pdf\" type=\"application\/pdf\" style=\"width:100%;height:600px\" aria-label=\"Embed of Madrid-Marcha-vf-Finetwork-4.0_compressed.\"><\/object><a id=\"wp-block-file--media-033d3e0f-5089-4c2f-b474-e14513cdd004\" href=\"https:\/\/madridmarcha.com\/wp-content\/uploads\/2023\/05\/Madrid-Marcha-vf-Finetwork-4.0_compressed.pdf\">Madrid-Marcha-vf-Finetwork-4.0_compressed<\/a><a href=\"https:\/\/madridmarcha.com\/wp-content\/uploads\/2023\/05\/Madrid-Marcha-vf-Finetwork-4.0_compressed.pdf\" class=\"wp-block-file__button wp-element-button\" download aria-describedby=\"wp-block-file--media-033d3e0f-5089-4c2f-b474-e14513cdd004\">Descarga<\/a><\/div>","protected":false},"excerpt":{"rendered":"<p>El II Gran Premio Internacional Finetwork Madrid Marcha, Cita de Campeones, celebrado el pasado 30 de abril en la Gran V\u00eda madrile\u00f1a \u2014en un recorrido de 10 kil\u00f3metros, desarrollado en el circuito urbano homologado de un kil\u00f3metro entre la Plaza de Callao y el edificio de Telef\u00f3nica\u2014, fue todo un \u00e9xito. Pero&hellip;<\/p>","protected":false},"author":990003,"featured_media":6285,"comment_status":"closed","ping_status":"open","sticky":false,"template":"","format":"standard","meta":{"footnotes":""},"categories":[5,1],"tags":[],"class_list":["post-6279","post","type-post","status-publish","format-standard","has-post-thumbnail","hentry","category-portada","category-uncategorized"],"_links":{"self":[{"href":"https:\/\/madridmarcha.com\/en\/wp-json\/wp\/v2\/posts\/6279","targetHints":{"allow":["GET"]}}],"collection":[{"href":"https:\/\/madridmarcha.com\/en\/wp-json\/wp\/v2\/posts"}],"about":[{"href":"https:\/\/madridmarcha.com\/en\/wp-json\/wp\/v2\/types\/post"}],"author":[{"embeddable":true,"href":"https:\/\/madridmarcha.com\/en\/wp-json\/wp\/v2\/users\/990003"}],"replies":[{"embeddable":true,"href":"https:\/\/madridmarcha.com\/en\/wp-json\/wp\/v2\/comments?post=6279"}],"version-history":[{"count":5,"href":"https:\/\/madridmarcha.com\/en\/wp-json\/wp\/v2\/posts\/6279\/revisions"}],"predecessor-version":[{"id":6290,"href":"https:\/\/madridmarcha.com\/en\/wp-json\/wp\/v2\/posts\/6279\/revisions\/6290"}],"wp:featuredmedia":[{"embeddable":true,"href":"https:\/\/madridmarcha.com\/en\/wp-json\/wp\/v2\/media\/6285"}],"wp:attachment":[{"href":"https:\/\/madridmarcha.com\/en\/wp-json\/wp\/v2\/media?parent=6279"}],"wp:term":[{"taxonomy":"category","embeddable":true,"href":"https:\/\/madridmarcha.com\/en\/wp-json\/wp\/v2\/categories?post=6279"},{"taxonomy":"post_tag","embeddable":true,"href":"https:\/\/madridmarcha.com\/en\/wp-json\/wp\/v2\/tags?post=6279"}],"curies":[{"name":"wp","href":"https:\/\/api.w.org\/{rel}","templated":true}]}}