{"id":6180,"date":"2023-04-26T10:10:17","date_gmt":"2023-04-26T09:10:17","guid":{"rendered":"https:\/\/madridmarcha.com\/?p=6180"},"modified":"2023-04-26T10:44:54","modified_gmt":"2023-04-26T09:44:54","slug":"alberto-tome-madrid-marcha-pone-a-nuestra-comunidad-y-a-espana-en-el-foco-mundial","status":"publish","type":"post","link":"https:\/\/madridmarcha.com\/en\/2023\/04\/26\/alberto-tome-madrid-marcha-pone-a-nuestra-comunidad-y-a-espana-en-el-foco-mundial\/","title":{"rendered":"Alberto Tom\u00e9: &#8220;Madrid Marcha pone a nuestra comunidad y a Espa\u00f1a en el foco mundial&#8221;"},"content":{"rendered":"<p>La Gran V\u00eda madrile\u00f1a volver\u00e1 a ser escenario, el pr\u00f3ximo domingo 30 de abril, del <strong>Gran Premio Internacional Finetwork Madrid Marcha<\/strong>, prueba Gold del World Race Walking Tour, sobre un recorrido de 10 kil\u00f3metros, que contar\u00e1 con la presencia de los mejores marchadores del mundo. Entre ellos se encuentran el sueco&nbsp;<strong>Perseus Karlstr\u00f6m<\/strong>&nbsp;y la china&nbsp;<strong>Shijie Qieyang&nbsp;<\/strong>\u2014ambos aspiran a reeditar el triunfo conseguido en la primera edici\u00f3n\u2014, la tambi\u00e9n china&nbsp;<strong>Jiayu Yang<\/strong>, los italianos&nbsp;<strong>Massimo Stano&nbsp;<\/strong>y<strong>&nbsp;Antonella Palmisano <\/strong>\u2014actuales campeones ol\u00edmpicos de 20km marcha\u2014, la griega&nbsp;<strong>Antigoni Ntrimspioti <\/strong>y, por supuesto, los espa\u00f1oles <strong>Raquel Gonz\u00e1lez<\/strong>,<strong> Laura Garc\u00eda-Caro<\/strong>,<strong> Eva Rico<\/strong>,<strong> Marc Tur<\/strong> y <strong>Diego Garc\u00eda-Carrera<\/strong>, ide\u00f3logo y director deportivo del evento.<\/p>\n\n\n\n<p>La prueba, que desde esta segunda edici\u00f3n cuenta con la compa\u00f1\u00eda espa\u00f1ola de fibra y m\u00f3vil <strong>Finetwork <\/strong>como patrocinador principal, ser\u00e1 ofrecida por la <strong>OTT de LaLiga<\/strong>, en abierto y de forma gratuita para todo el mundo, y volver\u00e1 a constar de tres carreras: una de 3km en categor\u00edas sub-14 y sub-16 (9:00 horas), otra de 5km en sub-18 y sub-20 (9:30) y la de 10km en categor\u00eda absoluta (10:30). <\/p>\n\n\n\n<p>Un evento, organizado por la empresa G2O Publisport, que no habr\u00eda visto la luz sin el apoyo institucional de organismos como el Ayuntamiento de Madrid y, especialmente, la<strong> Comunidad de Madrid<\/strong>. Y, dentro del Ejecutivo regional, merece especial menci\u00f3n su viceconsejero de Deportes,<strong> Alberto Tom\u00e9<\/strong>, que desde el primer momento apost\u00f3 por esta iniciativa del Gran Premio Internacional Finetwork Madrid Marcha.<br><br>As\u00ed lo reconoce el propio Tom\u00e9 en una entrevista publicada por nuestra web, horas despu\u00e9s de haber participado el pasado lunes en la presentaci\u00f3n del evento, en el Wizink Center de Madrid, junto a los atletas Diego Garc\u00eda Carrera y Raquel Gonz\u00e1lez; el director ejecutivo (CEO) de Finetwork, <strong>Manuel Hern\u00e1ndez<\/strong>; y la concejala delegada del \u00c1rea de Deportes del Ayuntamiento de Madrid, <strong>Sof\u00eda Miranda<\/strong><\/p>\n\n\n\n<p><\/p>\n\n\n\n<figure class=\"wp-block-image size-large\"><img loading=\"lazy\" decoding=\"async\" width=\"1024\" height=\"683\" src=\"https:\/\/madridmarcha.com\/wp-content\/uploads\/2023\/04\/albertotome2-1024x683.jpg\" alt=\"\" class=\"wp-image-6182\" srcset=\"https:\/\/madridmarcha.com\/wp-content\/uploads\/2023\/04\/albertotome2-1024x683.jpg 1024w, https:\/\/madridmarcha.com\/wp-content\/uploads\/2023\/04\/albertotome2-300x200.jpg 300w, https:\/\/madridmarcha.com\/wp-content\/uploads\/2023\/04\/albertotome2-768x512.jpg 768w, https:\/\/madridmarcha.com\/wp-content\/uploads\/2023\/04\/albertotome2-1536x1024.jpg 1536w, https:\/\/madridmarcha.com\/wp-content\/uploads\/2023\/04\/albertotome2-2048x1365.jpg 2048w, https:\/\/madridmarcha.com\/wp-content\/uploads\/2023\/04\/albertotome2-18x12.jpg 18w, https:\/\/madridmarcha.com\/wp-content\/uploads\/2023\/04\/albertotome2-370x247.jpg 370w, https:\/\/madridmarcha.com\/wp-content\/uploads\/2023\/04\/albertotome2-745x497.jpg 745w, https:\/\/madridmarcha.com\/wp-content\/uploads\/2023\/04\/albertotome2-365x243.jpg 365w\" sizes=\"auto, (max-width: 1024px) 100vw, 1024px\" \/><\/figure>\n\n\n\n<p style=\"font-size:22px\"><br><strong>&#8220;Recuerdo hasta el minuto en que me hablaron del proyecto&#8221;<\/strong><\/p>\n\n\n\n<p>\u201cHasta le podr\u00eda decir el minuto en el que Diego (Garc\u00eda Carrera) me habl\u00f3 de este proyecto\u201d, relata el viceconsejero con una sonrisa. \u201cFue en el<strong> homenaje que hicimos a los deportistas madrile\u00f1os ol\u00edmpicos y paral\u00edmpicos <\/strong>que participaron en los Juegos de Tokio, en septiembre de 2021. Cuando me lo avanz\u00f3 le dije: \u2018Vente a verme, que esto nos lo tienes que contar\u2019. Y aqu\u00ed estamos ahora, menos de dos a\u00f1os despu\u00e9s, con la segunda edici\u00f3n del Gran Premio Internacional Finetwork Madrid Marcha, con unas <strong>previsiones de participaci\u00f3n extraordinarias, de m\u00e1ximo nivel<\/strong>, gracias a la experiencia, al trabajo y a la ilusi\u00f3n que, como bien dice, Diego Garc\u00eda y su equipo nos transmitieron desde el primer minuto, y que nos han tra\u00eddo hasta aqu\u00ed\u201d, explica.<\/p>\n\n\n\n<p>De los 80 participantes en la primera edici\u00f3n celebrada el a\u00f1o pasado (16 de mayo),<strong> ocho lograron posteriormente un total de 12 medallas<\/strong> entre los Mundiales de Eugene (Oreg\u00f3n, EEUU) y los Europeos de M\u00fanich (Alemania). Un cartel de lujo que este a\u00f1o se mantiene porque en la Gran V\u00eda madrile\u00f1a volver\u00e1n a estar presentes los ganadores del pasado a\u00f1o (Perseus Karlstr\u00f6m y Shijie Qieyang), los campeones ol\u00edmpicos masculino y femenino (Massimo Stano\u00a0y\u00a0Antonella Palmisano) y la doble campeona europea de 20 y 35km, la griega Antigoni Ntrimspioti.<\/p>\n\n\n\n<p>\u201cEstamos muy ilusionados con esta segunda edici\u00f3n\u201d, dice Alberto Tom\u00e9 al respecto, \u201cpor el prestigio que ha ganado en tan corto plazo de tiempo en el entorno de los deportistas y tambi\u00e9n de los aficionados. Los marchadores, que son los protagonistas, son los que elevan el nivel de la prueba. Nuestra responsabilidad ahora es <strong>demostrar una vez m\u00e1s que estamos a la altura de sus expectativas<\/strong>, un reto con el que estamos plenamente comprometidos\u201d.<\/p>\n\n\n\n<p>As\u00ed, Tom\u00e9 reitera su compromiso con este proyecto del Gran Premio Internacional Finetwork Madrid Marcha. \u201cDesde la Viceconsejer\u00eda de Deportes siempre estamos abiertos a conocer proyectos e iniciativas que pongan el deporte en la vida de los ciudadanos de la Comunidad de Madrid. El Gran Premio Internacional Finetwork Madrid Marcha es un buen ejemplo de lo que se puede conseguir<strong> sumando esfuerzos y trabajando en equipo<\/strong>\u201d, asegura.<\/p>\n\n\n\n<figure class=\"wp-block-image size-large\"><img loading=\"lazy\" decoding=\"async\" width=\"1024\" height=\"683\" src=\"https:\/\/madridmarcha.com\/wp-content\/uploads\/2023\/04\/GR7C6126-1024x683.jpg\" alt=\"\" class=\"wp-image-6185\" srcset=\"https:\/\/madridmarcha.com\/wp-content\/uploads\/2023\/04\/GR7C6126-1024x683.jpg 1024w, https:\/\/madridmarcha.com\/wp-content\/uploads\/2023\/04\/GR7C6126-300x200.jpg 300w, https:\/\/madridmarcha.com\/wp-content\/uploads\/2023\/04\/GR7C6126-768x512.jpg 768w, https:\/\/madridmarcha.com\/wp-content\/uploads\/2023\/04\/GR7C6126-1536x1024.jpg 1536w, https:\/\/madridmarcha.com\/wp-content\/uploads\/2023\/04\/GR7C6126-2048x1366.jpg 2048w, https:\/\/madridmarcha.com\/wp-content\/uploads\/2023\/04\/GR7C6126-18x12.jpg 18w, https:\/\/madridmarcha.com\/wp-content\/uploads\/2023\/04\/GR7C6126-370x247.jpg 370w, https:\/\/madridmarcha.com\/wp-content\/uploads\/2023\/04\/GR7C6126-745x497.jpg 745w, https:\/\/madridmarcha.com\/wp-content\/uploads\/2023\/04\/GR7C6126-365x243.jpg 365w\" sizes=\"auto, (max-width: 1024px) 100vw, 1024px\" \/><\/figure>\n\n\n\n<p style=\"font-size:22px\"><br><strong>&#8220;Cita indiscutible en la hoja de ruta de los marchadores&#8221;<\/strong><\/p>\n\n\n\n<p>\u201cEn la primera edici\u00f3n hicimos una apuesta por un valor que consider\u00e1bamos seguro, como se demostr\u00f3. Con esta segunda edici\u00f3n, vistos los resultados y las previsiones, vamos hacia la consolidaci\u00f3n de esta prueba que pone a Madrid y a Espa\u00f1a en el foco de deportistas y aficionados de todo el mundo. En la Comunidad de Madrid nos va la marcha, la mejor marcha, y queremos que los deportistas y aficionados de cualquier rinc\u00f3n del mundo disfruten con nosotros de esta experiencia\u201d, a\u00f1ade el viceconsejero, que muestra su \u201calegr\u00eda\u201d, tanto a nivel personal como la de la Comunidad de Madrid, por el hecho de que un evento de este calibre sea \u201c<strong>incluido por los mejores marchadores en su hoja de ruta como una cita indiscutible<\/strong>\u201d y se celebre, adem\u00e1s, \u201cen un <strong>escenario emblem\u00e1tico como es la Gran V\u00eda<\/strong>\u201d.<\/p>\n\n\n\n<p>Preguntado por si se atreve a dar un pron\u00f3stico de cara a la prueba del pr\u00f3ximo domingo, Alberto Tom\u00e9, que es un gran aficionado al atletismo, destaca que \u201cya es un \u00e9xito que una figura de la talla de Karlstr\u00f6m venga a competir con tantas ganas o que contemos en este cartel de lujo con Shijie Qieyang\u201d. <strong>\u201c<\/strong>La grandeza del deporte no s\u00f3lo est\u00e1 en qui\u00e9n cruza primero la meta, sino en los proleg\u00f3menos, en las expectativas, en la propia competici\u00f3n, viendo c\u00f3mo los deportistas marchan dando lo mejor de ellos por conseguir alcanzar sus propios retos\u201d, dice al respecto. \u201c<strong>Ojal\u00e1 las medallas se queden en casa<\/strong> pero, si no es as\u00ed, creo que los marchadores espa\u00f1oles bien saben que estaremos apoy\u00e1ndolos para que todo su esfuerzo y su trabajo reciba, m\u00e1s pronto que tarde, la compensaci\u00f3n que merecen\u201d, sostiene.<\/p>\n\n\n\n<p style=\"font-size:22px\"><strong>Impulsar la marca &#8216;Comunidad de Madrid\u2019<\/strong><\/p>\n\n\n\n<p>Asimismo, el viceconsejero de Deportes ha recordado que \u201cla Comunidad de Madrid es la regi\u00f3n que m\u00e1s eventos y actividades deportivas acoge en toda Espa\u00f1a\u201d. \u201cEn los dos \u00faltimos a\u00f1os\u201d, detalla al respecto, \u201cnada menos que <strong>11.000 eventos y actividades deportivas, 226 de ellos de \u00e1mbito estatal, europeo o mundial<\/strong>, en cerca de un centenar de municipios de la regi\u00f3n. Eventos de \u00e9lite, como el Gran Premio Internacional Finetwork Madrid Marcha, el Marat\u00f3n, con cerca de 40.000 corredores procedentes de 110 pa\u00edses; o la Copa del Rey de baloncesto en silla de ruedas, el evento de deporte adaptado m\u00e1s importante en el \u00e1mbito nacional\u201d. \u201cCreemos que este tipo de iniciativas nos ayuda a promover el deporte en sus distintas disciplinas entre los ciudadanos de la Comunidad de Madrid, como es nuestra responsabilidad, y tambi\u00e9n a impulsar la \u2018marca Comunidad de Madrid\u2019 como referente nacional e internacional en el \u00e1mbito deportivo\u201d, explica.<\/p>\n\n\n\n<p>En este sentido, Tom\u00e9 asegura que la Comunidad de Madrid \u201cse ha convertido en un referente de prestigio internacional en la acogida de eventos deportivos de primer nivel. Hace apenas unos d\u00edas celebr\u00e1bamos el <strong>Mundial de hockey hielo en Madrid<\/strong>, y los d\u00edas 6 y 7 de mayo tendremos en Arroyomolinos el <strong>Campeonato del Mundo de motocross<\/strong>\u201d. \u201cCreo que gracias al camino que hemos iniciado, con un equipo entregado literalmente a impulsar el deporte desde la base hasta la \u00e9lite, con mucho esfuerzo, pero ilusionado siempre con cada posible avance, la Comunidad de Madrid afianzar\u00e1 su imagen. Los valores del deporte impregnan cada paso que damos en nuestra gesti\u00f3n y el futuro que se nos presenta es sin duda m\u00e1s que positivo\u201d, finaliz\u00f3 Alberto Tom\u00e9 en la entrevista a la web del Gran Premio Internacional Finetwork Madrid Marcha.<\/p>","protected":false},"excerpt":{"rendered":"<p>La Gran V\u00eda madrile\u00f1a volver\u00e1 a ser escenario, el pr\u00f3ximo domingo 30 de abril, del Gran Premio Internacional Finetwork Madrid Marcha, prueba Gold del World Race Walking Tour, sobre un recorrido de 10 kil\u00f3metros, que contar\u00e1 con la presencia de los mejores marchadores del mundo. Entre ellos se encuentran el sueco&nbsp;Perseus Karlstr\u00f6m&nbsp;y&hellip;<\/p>","protected":false},"author":990003,"featured_media":6187,"comment_status":"closed","ping_status":"open","sticky":false,"template":"","format":"standard","meta":{"footnotes":""},"categories":[5,1],"tags":[],"class_list":["post-6180","post","type-post","status-publish","format-standard","has-post-thumbnail","hentry","category-portada","category-uncategorized"],"_links":{"self":[{"href":"https:\/\/madridmarcha.com\/en\/wp-json\/wp\/v2\/posts\/6180","targetHints":{"allow":["GET"]}}],"collection":[{"href":"https:\/\/madridmarcha.com\/en\/wp-json\/wp\/v2\/posts"}],"about":[{"href":"https:\/\/madridmarcha.com\/en\/wp-json\/wp\/v2\/types\/post"}],"author":[{"embeddable":true,"href":"https:\/\/madridmarcha.com\/en\/wp-json\/wp\/v2\/users\/990003"}],"replies":[{"embeddable":true,"href":"https:\/\/madridmarcha.com\/en\/wp-json\/wp\/v2\/comments?post=6180"}],"version-history":[{"count":4,"href":"https:\/\/madridmarcha.com\/en\/wp-json\/wp\/v2\/posts\/6180\/revisions"}],"predecessor-version":[{"id":6191,"href":"https:\/\/madridmarcha.com\/en\/wp-json\/wp\/v2\/posts\/6180\/revisions\/6191"}],"wp:featuredmedia":[{"embeddable":true,"href":"https:\/\/madridmarcha.com\/en\/wp-json\/wp\/v2\/media\/6187"}],"wp:attachment":[{"href":"https:\/\/madridmarcha.com\/en\/wp-json\/wp\/v2\/media?parent=6180"}],"wp:term":[{"taxonomy":"category","embeddable":true,"href":"https:\/\/madridmarcha.com\/en\/wp-json\/wp\/v2\/categories?post=6180"},{"taxonomy":"post_tag","embeddable":true,"href":"https:\/\/madridmarcha.com\/en\/wp-json\/wp\/v2\/tags?post=6180"}],"curies":[{"name":"wp","href":"https:\/\/api.w.org\/{rel}","templated":true}]}}