{"id":6171,"date":"2023-04-24T23:39:40","date_gmt":"2023-04-24T22:39:40","guid":{"rendered":"https:\/\/madridmarcha.com\/?p=6171"},"modified":"2023-04-24T23:43:23","modified_gmt":"2023-04-24T22:43:23","slug":"presentado-el-ii-gran-premio-internacional-finetwork-madrid-marcha","status":"publish","type":"post","link":"https:\/\/madridmarcha.com\/en\/2023\/04\/24\/presentado-el-ii-gran-premio-internacional-finetwork-madrid-marcha\/","title":{"rendered":"Presentado el II Gran Premio Internacional Finetwork Madrid Marcha"},"content":{"rendered":"<p>Los marchadores <strong>Diego Garc\u00eda Carrera <\/strong>y<strong> Raquel Gonz\u00e1lez<\/strong>, subcampeones de Europa de 20 y 35km, respectivamente, han presentado el <strong>II Finetwork Madrid Walking Grand Prix<\/strong>, prueba Gold del World Race Walking Tour que se disputar\u00e1 el pr\u00f3ximo domingo 30 de abril en la Gran V\u00eda madrile\u00f1a y contar\u00e1 con la presencia de los mejores marchadores del mundo.<\/p>\n\n\n\n<p>La presentaci\u00f3n se ha celebrado en el Wizink Center de Madrid y ha contado tambi\u00e9n con la intervenci\u00f3n del director ejecutivo (CEO) de Finetwork, <strong>Manuel Hern\u00e1ndez<\/strong>; la concejala delegada del \u00c1rea de Deportes del Ayuntamiento de Madrid, <strong>Sof\u00eda Miranda<\/strong>; y el viceconsejero de Deportes de la Comunidad de Madrid, <strong>Alberto Tom\u00e9<\/strong>, adem\u00e1s de otros tres destacados marchadores espa\u00f1oles que participar\u00e1n en la prueba del pr\u00f3ximo domingo: <strong>Marc Tur<\/strong>,<strong> Laura Garc\u00eda-Caro <\/strong>y <strong>Eva Rico<\/strong>.<\/p>\n\n\n\n<figure class=\"wp-block-image size-large\"><img loading=\"lazy\" decoding=\"async\" width=\"1024\" height=\"683\" src=\"https:\/\/madridmarcha.com\/wp-content\/uploads\/2023\/04\/presentacion-finetworkmadridmarcha3-1024x683.jpg\" alt=\"\" class=\"wp-image-6175\" srcset=\"https:\/\/madridmarcha.com\/wp-content\/uploads\/2023\/04\/presentacion-finetworkmadridmarcha3-1024x683.jpg 1024w, https:\/\/madridmarcha.com\/wp-content\/uploads\/2023\/04\/presentacion-finetworkmadridmarcha3-300x200.jpg 300w, https:\/\/madridmarcha.com\/wp-content\/uploads\/2023\/04\/presentacion-finetworkmadridmarcha3-768x512.jpg 768w, https:\/\/madridmarcha.com\/wp-content\/uploads\/2023\/04\/presentacion-finetworkmadridmarcha3-1536x1025.jpg 1536w, https:\/\/madridmarcha.com\/wp-content\/uploads\/2023\/04\/presentacion-finetworkmadridmarcha3-18x12.jpg 18w, https:\/\/madridmarcha.com\/wp-content\/uploads\/2023\/04\/presentacion-finetworkmadridmarcha3-370x247.jpg 370w, https:\/\/madridmarcha.com\/wp-content\/uploads\/2023\/04\/presentacion-finetworkmadridmarcha3-745x497.jpg 745w, https:\/\/madridmarcha.com\/wp-content\/uploads\/2023\/04\/presentacion-finetworkmadridmarcha3-365x243.jpg 365w, https:\/\/madridmarcha.com\/wp-content\/uploads\/2023\/04\/presentacion-finetworkmadridmarcha3.jpg 2000w\" sizes=\"auto, (max-width: 1024px) 100vw, 1024px\" \/><\/figure>\n\n\n\n<p><br>Junto a todos ellos, en la prueba del domingo tambi\u00e9n participar\u00e1n otros marchadores de renombre como el sueco <strong>Perseus Karlstr\u00f6m<\/strong> y la china <strong>Shijie Qieyang <\/strong>\u2014vencedores de la primera edici\u00f3n\u2014, la tambi\u00e9n china <strong>Jiayu Yang<\/strong>, los italianos <strong>Massimo Stano <\/strong>y <strong>Antonella Palmisano<\/strong>, la griega <strong>Antigoni Ntrimspioti<\/strong>, el alem\u00e1n<strong> Christopher Linke<\/strong> y el ecuatoriano <strong>David Hurtado<\/strong>, entre otros.<\/p>\n\n\n\n<p>Garc\u00eda Carrera, director deportivo e ide\u00f3logo del evento, que el a\u00f1o pasado fue segundo tras el sueco <strong>Perseus Karlstr\u00f6m<\/strong>, ha hecho hincapi\u00e9 en que, de los 80 participantes en la primera edici\u00f3n, ocho lograron posteriormente un total de 12 medallas entre los Mundiales de Eugene (Oreg\u00f3n, EEUU) y los Europeos de M\u00fanich (Alemania).<\/p>\n\n\n\n<p>Gonz\u00e1lez, que tambi\u00e9n ha sido elegida recientemente mejor atleta espa\u00f1ola del a\u00f1o 2022, ha destacado el apoyo no s\u00f3lo de las empresas patrocinadoras, sino tambi\u00e9n de las instituciones implicadas como son la Comunidad de Madrid y el Ayuntamiento.<\/p>\n\n\n\n<p style=\"font-size:22px\"><strong>&#8220;Desde el coraz\u00f3n de la Comunidad de Madrid&#8221;<\/strong><\/p>\n\n\n\n<p>Alberto Tom\u00e9 ha recordado que la marcha es \u201cla disciplina m\u00e1s laureada del atletismo espa\u00f1ol y que el Gran Premio Internacional Finetwork Madrid Marcha \u201c<strong>brillar\u00e1 por segundo a\u00f1o desde el coraz\u00f3n de la Comunidad de Madrid<\/strong>, en el paisaje urban\u00edstico m\u00e1s bonito del mundo. En tan s\u00f3lo un kil\u00f3metro se va a concentrar el talento de 240 atletas, el 25% de ellos espa\u00f1oles. Para nosotros todos ellos ya son campeones, y as\u00ed los vamos a recibir los m\u00e1s de 10.000 espectadores que esperemos se den cita\u201d.<\/p>\n\n\n\n<p>\u201cEn la Comunidad de Madrid nos va la buena marcha. Tenemos <strong>una cita inexcusable<\/strong>\u201d, ha a\u00f1adido el viceconsejero, que ha querido agradecer el \u201crespaldo de todas las personas comprometidas\u201d.<\/p>\n\n\n\n<p>Por su parte, Sof\u00eda Miranda ha se\u00f1alado que \u201cla pasi\u00f3n de Diego Garc\u00eda Carrera por esta prueba nos ha llevado a seguir apostando por el Gran Premio Internacional Finetwork Madrid Marcha. Desde el Ayuntamiento prometemos seguir brindando nuestra ayuda porque es un lujo que se pueda desarrollar en una de las calles m\u00e1s bonitas no s\u00f3lo de Espa\u00f1a, sino de Europa, y que podamos decir que la mejor de marcha del mundo se celebra en la Gran V\u00eda de Madrid\u201d.<\/p>\n\n\n\n<figure class=\"wp-block-image size-large\"><img loading=\"lazy\" decoding=\"async\" width=\"1024\" height=\"682\" src=\"https:\/\/madridmarcha.com\/wp-content\/uploads\/2023\/04\/presentacion-finetworkmadridmarcha2-1024x682.jpg\" alt=\"\" class=\"wp-image-6174\" srcset=\"https:\/\/madridmarcha.com\/wp-content\/uploads\/2023\/04\/presentacion-finetworkmadridmarcha2-1024x682.jpg 1024w, https:\/\/madridmarcha.com\/wp-content\/uploads\/2023\/04\/presentacion-finetworkmadridmarcha2-300x200.jpg 300w, https:\/\/madridmarcha.com\/wp-content\/uploads\/2023\/04\/presentacion-finetworkmadridmarcha2-768x512.jpg 768w, https:\/\/madridmarcha.com\/wp-content\/uploads\/2023\/04\/presentacion-finetworkmadridmarcha2-1536x1024.jpg 1536w, https:\/\/madridmarcha.com\/wp-content\/uploads\/2023\/04\/presentacion-finetworkmadridmarcha2-18x12.jpg 18w, https:\/\/madridmarcha.com\/wp-content\/uploads\/2023\/04\/presentacion-finetworkmadridmarcha2-370x247.jpg 370w, https:\/\/madridmarcha.com\/wp-content\/uploads\/2023\/04\/presentacion-finetworkmadridmarcha2-745x497.jpg 745w, https:\/\/madridmarcha.com\/wp-content\/uploads\/2023\/04\/presentacion-finetworkmadridmarcha2-365x243.jpg 365w, https:\/\/madridmarcha.com\/wp-content\/uploads\/2023\/04\/presentacion-finetworkmadridmarcha2.jpg 2000w\" sizes=\"auto, (max-width: 1024px) 100vw, 1024px\" \/><\/figure>\n\n\n\n<p style=\"font-size:22px\"><br><strong>&#8220;Capital mundial de la marcha&#8221;<\/strong><\/p>\n\n\n\n<p>Por su parte, Manuel Hern\u00e1ndez ha recalcado que Finetwork es una \u201ccompa\u00f1\u00eda firmemente comprometida con el deporte espa\u00f1ol\u201d. \u201cHace especial ilusi\u00f3n unir fuerzas con Madrid Marcha porque a nosotros tambi\u00e9n nos va la marcha. Son valores que nos encanta trabajar con ellos, por la ambici\u00f3n y el af\u00e1n de superaci\u00f3n. Madrid es un sitio especial para poner en marcha proyectos como este y, despu\u00e9s de haber sido Capital Mundial del Deporte, queremos que la ciudad <strong>se convierta en la capital mundial de la marcha<\/strong>\u201d.<\/p>\n\n\n\n<p>Como han se\u00f1alado Garc\u00eda Carrera y Gonz\u00e1lez, la prueba se desarrollar\u00e1 en <strong>el circuito urbano homologado, de 1km<\/strong>, en la Gran V\u00eda entre la Plaza de Callao y el edificio de Telef\u00f3nica, metro de Gran V\u00eda. La salida y meta se ubicar\u00e1 en los aleda\u00f1os de la plaza de Callao.<\/p>\n\n\n\n<p>El evento cuenta desde esta segunda edici\u00f3n con un nuevo patrocinador principal: la compa\u00f1\u00eda espa\u00f1ola de fibra y m\u00f3vil Finetwork, que opera en el sector de las telecomunicaciones desde 2019. Organizada por la empresa&nbsp;G2O Publisport y con el patrocinio de otras empresas como Skechers y Grand Class, la prueba <strong>volver\u00e1 a constar de tres carreras<\/strong>: una de 3km en categor\u00edas sub-14 y sub-16, otra de 5km en sub-18 y sub-20 y la de 10km en categor\u00eda absoluta. Ser\u00e1 ofrecida por la OTT de LaLiga en abierto y de forma gratuita para todo el mundo.<br><\/p>","protected":false},"excerpt":{"rendered":"<p>Los marchadores Diego Garc\u00eda Carrera y Raquel Gonz\u00e1lez, subcampeones de Europa de 20 y 35km, respectivamente, han presentado el II Gran Premio Internacional Finetwork Madrid Marcha, prueba Gold del World Race Walking Tour que se disputar\u00e1 el pr\u00f3ximo domingo 30 de abril en la Gran V\u00eda madrile\u00f1a y contar\u00e1 con la presencia&hellip;<\/p>","protected":false},"author":990003,"featured_media":6173,"comment_status":"closed","ping_status":"open","sticky":false,"template":"","format":"standard","meta":{"footnotes":""},"categories":[5,1],"tags":[],"class_list":["post-6171","post","type-post","status-publish","format-standard","has-post-thumbnail","hentry","category-portada","category-uncategorized"],"_links":{"self":[{"href":"https:\/\/madridmarcha.com\/en\/wp-json\/wp\/v2\/posts\/6171","targetHints":{"allow":["GET"]}}],"collection":[{"href":"https:\/\/madridmarcha.com\/en\/wp-json\/wp\/v2\/posts"}],"about":[{"href":"https:\/\/madridmarcha.com\/en\/wp-json\/wp\/v2\/types\/post"}],"author":[{"embeddable":true,"href":"https:\/\/madridmarcha.com\/en\/wp-json\/wp\/v2\/users\/990003"}],"replies":[{"embeddable":true,"href":"https:\/\/madridmarcha.com\/en\/wp-json\/wp\/v2\/comments?post=6171"}],"version-history":[{"count":4,"href":"https:\/\/madridmarcha.com\/en\/wp-json\/wp\/v2\/posts\/6171\/revisions"}],"predecessor-version":[{"id":6179,"href":"https:\/\/madridmarcha.com\/en\/wp-json\/wp\/v2\/posts\/6171\/revisions\/6179"}],"wp:featuredmedia":[{"embeddable":true,"href":"https:\/\/madridmarcha.com\/en\/wp-json\/wp\/v2\/media\/6173"}],"wp:attachment":[{"href":"https:\/\/madridmarcha.com\/en\/wp-json\/wp\/v2\/media?parent=6171"}],"wp:term":[{"taxonomy":"category","embeddable":true,"href":"https:\/\/madridmarcha.com\/en\/wp-json\/wp\/v2\/categories?post=6171"},{"taxonomy":"post_tag","embeddable":true,"href":"https:\/\/madridmarcha.com\/en\/wp-json\/wp\/v2\/tags?post=6171"}],"curies":[{"name":"wp","href":"https:\/\/api.w.org\/{rel}","templated":true}]}}