{"id":6092,"date":"2023-04-13T11:36:04","date_gmt":"2023-04-13T10:36:04","guid":{"rendered":"https:\/\/madridmarcha.com\/?p=6092"},"modified":"2023-04-15T11:43:56","modified_gmt":"2023-04-15T10:43:56","slug":"perseus-karlstrom-quiero-volver-a-ganar-madrid-marcha-y-hacerlo-con-una-gran-marca","status":"publish","type":"post","link":"https:\/\/madridmarcha.com\/en\/2023\/04\/13\/perseus-karlstrom-quiero-volver-a-ganar-madrid-marcha-y-hacerlo-con-una-gran-marca\/","title":{"rendered":"Perseus Karlstr\u00f6m: \u201cQuiero volver a ganar y hacerlo con una gran marca\u201d"},"content":{"rendered":"<p>The<strong> II Finetwork Madrid Walking Grand Prix <\/strong>ya est\u00e1 aqu\u00ed. El evento, que se disputar\u00e1 el pr\u00f3ximo 30 de abril \u2014nuevamente en la Gran V\u00eda madrile\u00f1a\u2014, aspira a consolidarse como la prueba de referencia mundial de esta especialidad atl\u00e9tica tras el \u00e9xito de la primera edici\u00f3n, disputada el 16 de mayo de 2022.<\/p>\n\n\n\n<p>Un primer certamen que cont\u00f3 con un recorrido de 10 kil\u00f3metros y en el que los grandes triunfadores fueron el sueco <strong>Perseus Karlstr\u00f6m <\/strong>y la china <strong>Shenjie Qieyang<\/strong>: el escandinavo se impuso con la mejor marca mundial del a\u00f1o (38:42) despu\u00e9s de lanzar un ataque en el \u00faltimo mil que dej\u00f3 atr\u00e1s al espa\u00f1ol&nbsp;<strong>Diego Garc\u00eda Carrera<\/strong>, &nbsp;ide\u00f3logo y director deportivo del Gran Premio Internacional Finetwork Madrid Marcha, quien finaliz\u00f3 en segundo lugar con un tiempo de 38:50.<\/p>\n\n\n\n<p>En el evento, organizado por la empresa\u00a0G2O Publisport\u00a0y que cuenta con el patrocinio de Finetwork, el Ayuntamiento y la Comunidad de Madrid, Skechers y Grand Class, volver\u00e1 a haber tres carreras\u00a0\u2014una de 3km en categor\u00edas sub-14 y sub-16, otra de 5km en sub-18 y sub-20 \u00a0y la de 10km en categor\u00eda absoluta\u2014, y Karlstr\u00f6m, actual subcampe\u00f3n de Europa de 20km marcha y ganador de dos medallas de bronce en los \u00faltimos Mundiales celebrados el a\u00f1o pasado en Eugene (Oreg\u00f3n, EEUU), se presenta nuevamente como uno de los principales favoritos.<\/p>\n\n\n\n<p>El sueco no s\u00f3lo quiere revalidar el t\u00edtulo logrado el a\u00f1o pasado, sino hacerlo adem\u00e1s \u201ccon una gran marca\u201d, como as\u00ed reconoce en una entrevista a la web del Gran Premio Internacional Finetwork Madrid Marcha. \u201cS\u00e9 que no es f\u00e1cil, pero me encuentro muy bien. El a\u00f1o pasado fue incre\u00edble (triunfo en la prueba madrile\u00f1a, dos bronces en Eugene y el subcampeonato europeo en M\u00fanich), pero <strong>este a\u00f1o siento que he empezado todav\u00eda mejor<\/strong>\u201d, asegura Karlstr\u00f6m a nuestra web en espa\u00f1ol, idioma en el que se maneja con cierta fluidez, dando muestras de su ambici\u00f3n.<\/p>\n\n\n\n<p>El marchador, que cumplir\u00e1 los 33 a\u00f1os el pr\u00f3ximo 2 de mayo \u2014dos d\u00edas despu\u00e9s de la carrera\u2014, dice encontrarse \u201c<strong>en el mejor momento de mi carrera<\/strong>\u201d, consciente tambi\u00e9n de que a\u00fan tiene detalles que pulir y cosas que \u201cmejorar\u201d. Karlstr\u00f6m se emociona al recordar su victoria en la primera edici\u00f3n del Gran Premio Internacional Finetwork Madrid Marcha.<\/p>\n\n\n\n<p style=\"font-size:22px\"><strong>&#8220;El inicio de una gran temporada&#8221;<\/strong><\/p>\n\n\n\n<p>\u201cFue muy emocionante competir all\u00ed, hasta entonces nunca hab\u00eda tenido la ocasi\u00f3n de participar en una prueba de 10 km a nivel mundial. Adem\u00e1s, marc\u00f3 el inicio de una gran temporada para m\u00ed\u201d, confiesa el escandinavo, que no duda en elogiar el nivel organizativo del Gran Premio Internacional Finetwork Madrid Marcha, a cargo de Diego Garc\u00eda Carrera en coordinaci\u00f3n con G2O Publisport.<\/p>\n\n\n\n<figure class=\"wp-block-image size-large\"><img loading=\"lazy\" decoding=\"async\" width=\"1024\" height=\"683\" src=\"https:\/\/madridmarcha.com\/wp-content\/uploads\/2023\/04\/perseus2-1024x683.jpg\" alt=\"\" class=\"wp-image-6095\" srcset=\"https:\/\/madridmarcha.com\/wp-content\/uploads\/2023\/04\/perseus2-1024x683.jpg 1024w, https:\/\/madridmarcha.com\/wp-content\/uploads\/2023\/04\/perseus2-300x200.jpg 300w, https:\/\/madridmarcha.com\/wp-content\/uploads\/2023\/04\/perseus2-768x512.jpg 768w, https:\/\/madridmarcha.com\/wp-content\/uploads\/2023\/04\/perseus2-1536x1024.jpg 1536w, https:\/\/madridmarcha.com\/wp-content\/uploads\/2023\/04\/perseus2-2048x1366.jpg 2048w, https:\/\/madridmarcha.com\/wp-content\/uploads\/2023\/04\/perseus2-18x12.jpg 18w, https:\/\/madridmarcha.com\/wp-content\/uploads\/2023\/04\/perseus2-370x247.jpg 370w, https:\/\/madridmarcha.com\/wp-content\/uploads\/2023\/04\/perseus2-745x497.jpg 745w, https:\/\/madridmarcha.com\/wp-content\/uploads\/2023\/04\/perseus2-365x243.jpg 365w\" sizes=\"auto, (max-width: 1024px) 100vw, 1024px\" \/><\/figure>\n\n\n\n<p>\u201cDiego es atleta y sabe lo que queremos. Sab\u00eda que iba a estar bien y as\u00ed fue, estuvo muy emocionante\u201d, se\u00f1ala Karlstr\u00f6m. \u201cFue la primera competici\u00f3n de Diego como organizador y lo hizo muy bien, sacando adelante una prueba al m\u00e1s alto nivel mundial. Es <strong>muy dif\u00edcil que todo salga perfecto a la primera<\/strong> y seguro que este a\u00f1o se han mejorado algunas cosas\u201d, a\u00f1ade.<\/p>\n\n\n\n<p>Encantado con la prueba, pero tambi\u00e9n con Madrid, Perseus pasa largas temporadas en nuestro pa\u00eds para eludir el fr\u00edo de Suecia. \u201cMe gusta mucho Madrid. Hace poco estuve all\u00ed durante dos semanas, entrenando en el Centro de Alto Rendimiento (CAR) \u2014del Consejo Superior de Deportes\u2014, y ahora mismo estoy en Guadix, entrenando con un poco m\u00e1s de altura. Me encuentro muy bien en Madrid y Espa\u00f1a en general, me conviene mucho, sobre todo por el clima\u201d, afirma.<\/p>\n\n\n\n<p>Perseus presume de su origen sueco \u2014como demostr\u00f3 en la celebraci\u00f3n de la medalla de plata conseguida el pasado mes de agosto en los Europeos de M\u00fanich\u2014, pero es un enamorado de Espa\u00f1a, del espa\u00f1ol y de la cultura hisp\u00e1nica. Lleva m\u00e1s de una d\u00e9cada hablando nuestro idioma y sigue \u201cmejorando\u201d. \u201cHe aprendido espa\u00f1ol despu\u00e9s de hacer <strong>muchas concentraciones en M\u00e9xico<\/strong>. Desde 2010 voy varias veces all\u00ed todos los a\u00f1os. Mi madre, que ha sido entrenadora, ten\u00eda un acuerdo de colaboraci\u00f3n con el atletismo de ese pa\u00eds: varios atletas suecos llevamos a\u00f1os yendo a M\u00e9xico, que es otro pa\u00eds que me encanta\u201d, finaliz\u00f3 Perseus Karlstr\u00f6m en la entrevista al Gran Premio Internacional Finetwork Madrid Marcha.<\/p>\n\n\n\n<h1 class=\"wp-block-heading\">&nbsp;<\/h1>\n\n\n\n<h1 class=\"wp-block-heading\">&nbsp;<\/h1>","protected":false},"excerpt":{"rendered":"<p>El II Gran Premio Internacional Finetwork Madrid Marcha ya est\u00e1 aqu\u00ed. El evento, que se disputar\u00e1 el pr\u00f3ximo 30 de abril \u2014nuevamente en la Gran V\u00eda madrile\u00f1a\u2014, aspira a consolidarse como la prueba de referencia mundial de esta especialidad atl\u00e9tica tras el \u00e9xito de la primera edici\u00f3n, disputada el 16 de mayo&hellip;<\/p>","protected":false},"author":990003,"featured_media":6094,"comment_status":"closed","ping_status":"open","sticky":false,"template":"","format":"standard","meta":{"footnotes":""},"categories":[5,1],"tags":[],"class_list":["post-6092","post","type-post","status-publish","format-standard","has-post-thumbnail","hentry","category-portada","category-uncategorized"],"_links":{"self":[{"href":"https:\/\/madridmarcha.com\/en\/wp-json\/wp\/v2\/posts\/6092","targetHints":{"allow":["GET"]}}],"collection":[{"href":"https:\/\/madridmarcha.com\/en\/wp-json\/wp\/v2\/posts"}],"about":[{"href":"https:\/\/madridmarcha.com\/en\/wp-json\/wp\/v2\/types\/post"}],"author":[{"embeddable":true,"href":"https:\/\/madridmarcha.com\/en\/wp-json\/wp\/v2\/users\/990003"}],"replies":[{"embeddable":true,"href":"https:\/\/madridmarcha.com\/en\/wp-json\/wp\/v2\/comments?post=6092"}],"version-history":[{"count":5,"href":"https:\/\/madridmarcha.com\/en\/wp-json\/wp\/v2\/posts\/6092\/revisions"}],"predecessor-version":[{"id":6164,"href":"https:\/\/madridmarcha.com\/en\/wp-json\/wp\/v2\/posts\/6092\/revisions\/6164"}],"wp:featuredmedia":[{"embeddable":true,"href":"https:\/\/madridmarcha.com\/en\/wp-json\/wp\/v2\/media\/6094"}],"wp:attachment":[{"href":"https:\/\/madridmarcha.com\/en\/wp-json\/wp\/v2\/media?parent=6092"}],"wp:term":[{"taxonomy":"category","embeddable":true,"href":"https:\/\/madridmarcha.com\/en\/wp-json\/wp\/v2\/categories?post=6092"},{"taxonomy":"post_tag","embeddable":true,"href":"https:\/\/madridmarcha.com\/en\/wp-json\/wp\/v2\/tags?post=6092"}],"curies":[{"name":"wp","href":"https:\/\/api.w.org\/{rel}","templated":true}]}}