{"id":6084,"date":"2023-04-12T13:08:27","date_gmt":"2023-04-12T12:08:27","guid":{"rendered":"https:\/\/madridmarcha.com\/?p=6084"},"modified":"2023-04-12T13:26:36","modified_gmt":"2023-04-12T12:26:36","slug":"finetwork-patrocinador-principal-de-madrid-marcha","status":"publish","type":"post","link":"https:\/\/madridmarcha.com\/en\/2023\/04\/12\/finetwork-patrocinador-principal-de-madrid-marcha\/","title":{"rendered":"Finetwork, patrocinador principal de Madrid Marcha"},"content":{"rendered":"<p><strong>Madrid Marcha<\/strong>, el evento que aspira a consolidarse como la prueba de referencia mundial de esta especialidad atl\u00e9tica, cuenta con un nuevo patrocinador principal de cara a su segunda edici\u00f3n, que se disputar\u00e1 el pr\u00f3ximo 30 de abril en la Gran V\u00eda madrile\u00f1a. Se trata de <strong>Finetwork<\/strong>, compa\u00f1\u00eda espa\u00f1ola de fibra y m\u00f3vil que opera en el sector de las telecomunicaciones desde 2019.<\/p>\n\n\n\n<p>De esta forma, la prueba pasa a denominarse oficialmente Gran Premio Internacional Finetwork Madrid Marcha. El evento, organizado por la empresa&nbsp;G2O Publisport, tambi\u00e9n cuenta con el patrocinio del Ayuntamiento, la Comunidad de Madrid, Skechers y Grand Class. La direcci\u00f3n deportiva corre a cargo del atleta <strong>Diego Garc\u00eda Carrera<\/strong>, subcampe\u00f3n de Europa de 20km marcha. La prueba ser\u00e1 ofrecida por la OTT de LaLiga en abierto y de forma gratuita para todo el mundo.<\/p>\n\n\n\n<p>The <strong>Gran Premio Internacional Finetwork Madrid Marcha <\/strong>contar\u00e1 con los mejores marchadores del mundo y volver\u00e1 a constar de tres carreras: una de 3km en categor\u00edas sub-14 y sub-16, otra de 5km en sub-18 y sub-20 y la de 10km en categor\u00eda absoluta. Los ganadores de la pasada edici\u00f3n fueron el sueco <strong>Perseus Karlstr\u00f6m<\/strong>, medallista de bronce mundial, y la china <strong>Shenjie Qieyang<\/strong>, campeona ol\u00edmpica en Londres 2012.<\/p>\n\n\n\n<p>Finetwork es una compa\u00f1\u00eda firmemente comprometida con el deporte espa\u00f1ol como lo demuestra el hecho de que patrocina a distintos deportistas de \u00e9lite, como el piloto de F\u00f3rmula 1 <strong>Fernando Alonso<\/strong>, el jugador de p\u00e1del <strong>Ale Gal\u00e1n<\/strong> y los pilotos de Moto2 <strong>Pedro Acosta <\/strong>y<strong> Alonso L\u00f3pez<\/strong>. Asimismo, patrocina la <strong>Finetwork Liga F<\/strong>, competici\u00f3n a la que da nombre, as\u00ed como los equipos de f\u00fatbol <strong>Real Betis Balompi\u00e9<\/strong> y <strong>Real Sociedad<\/strong>. Respecto a otras categor\u00edas deportivas, patrocina las selecciones nacionales (masculina y femenina) de baloncesto y, adem\u00e1s, es sponsor principal del equipo de eSports de Ibai Llanos y Gerard Piqu\u00e9: Finetwork KOI.<\/p>\n\n\n\n<p><strong>Manuel Hern\u00e1ndez<\/strong>, director ejecutivo (CEO) de Finetwork, se ha mostrado \u201cmuy contento de tener la oportunidad de apoyar iniciativas como Madrid Marcha\u201d. \u201cTenemos un fuerte compromiso con fomentar el deporte y queremos hacerlo a todos los niveles, desde promover h\u00e1bitos de vida saludable en nuestro propio equipo hasta apoyar a los atletas espa\u00f1oles a mostrar su potencial. Creemos que esta cita puede convertir Madrid en un punto de referencia para el atletismo y no tenemos ninguna duda de que se consolidar\u00e1 como una de las m\u00e1s importantes a nivel mundial\u201d, a\u00f1adi\u00f3.<\/p>\n\n\n\n<p><\/p>","protected":false},"excerpt":{"rendered":"<p>Madrid Marcha, el evento que aspira a consolidarse como la prueba de referencia mundial de esta especialidad atl\u00e9tica, cuenta con un nuevo patrocinador principal de cara a su segunda edici\u00f3n, que se disputar\u00e1 el pr\u00f3ximo 30 de abril en la Gran V\u00eda madrile\u00f1a. Se trata de Finetwork, compa\u00f1\u00eda espa\u00f1ola de fibra y&hellip;<\/p>","protected":false},"author":990003,"featured_media":6090,"comment_status":"closed","ping_status":"open","sticky":false,"template":"","format":"standard","meta":{"footnotes":""},"categories":[5,1],"tags":[],"class_list":["post-6084","post","type-post","status-publish","format-standard","has-post-thumbnail","hentry","category-portada","category-uncategorized"],"_links":{"self":[{"href":"https:\/\/madridmarcha.com\/en\/wp-json\/wp\/v2\/posts\/6084","targetHints":{"allow":["GET"]}}],"collection":[{"href":"https:\/\/madridmarcha.com\/en\/wp-json\/wp\/v2\/posts"}],"about":[{"href":"https:\/\/madridmarcha.com\/en\/wp-json\/wp\/v2\/types\/post"}],"author":[{"embeddable":true,"href":"https:\/\/madridmarcha.com\/en\/wp-json\/wp\/v2\/users\/990003"}],"replies":[{"embeddable":true,"href":"https:\/\/madridmarcha.com\/en\/wp-json\/wp\/v2\/comments?post=6084"}],"version-history":[{"count":2,"href":"https:\/\/madridmarcha.com\/en\/wp-json\/wp\/v2\/posts\/6084\/revisions"}],"predecessor-version":[{"id":6087,"href":"https:\/\/madridmarcha.com\/en\/wp-json\/wp\/v2\/posts\/6084\/revisions\/6087"}],"wp:featuredmedia":[{"embeddable":true,"href":"https:\/\/madridmarcha.com\/en\/wp-json\/wp\/v2\/media\/6090"}],"wp:attachment":[{"href":"https:\/\/madridmarcha.com\/en\/wp-json\/wp\/v2\/media?parent=6084"}],"wp:term":[{"taxonomy":"category","embeddable":true,"href":"https:\/\/madridmarcha.com\/en\/wp-json\/wp\/v2\/categories?post=6084"},{"taxonomy":"post_tag","embeddable":true,"href":"https:\/\/madridmarcha.com\/en\/wp-json\/wp\/v2\/tags?post=6084"}],"curies":[{"name":"wp","href":"https:\/\/api.w.org\/{rel}","templated":true}]}}