{"id":5454,"date":"2022-05-06T14:04:08","date_gmt":"2022-05-06T13:04:08","guid":{"rendered":"https:\/\/madridmarcha.com\/?p=5454"},"modified":"2022-05-09T10:29:22","modified_gmt":"2022-05-09T09:29:22","slug":"stano-tur-y-diego-garcia-cartel-del-i-gran-premio-internacional-madrid-marcha","status":"publish","type":"post","link":"https:\/\/madridmarcha.com\/en\/2022\/05\/06\/stano-tur-y-diego-garcia-cartel-del-i-gran-premio-internacional-madrid-marcha\/","title":{"rendered":"EUROPAPRESS: Stano, Tur y Diego Garc\u00eda, cartel del I Gran Premio Internacional Madrid Marcha"},"content":{"rendered":"<p><strong>MADRID, 6 Mayo. (EUROPA PRESS)<\/strong> &#8211; &nbsp;El campe\u00f3n ol\u00edmpico en 20 kil\u00f3metros marcha en Tokyo 2020, el italiano Massimo Stano, y los espa\u00f1oles Marc Tur y Diego Garc\u00eda, diplomas ol\u00edmpicos en 50 y 20 kil\u00f3metros, respectivamente, en los pasados Juegos participar\u00e1n en el I Gran Premio Internacional Madrid Marcha, que se disputar\u00e1 el 16 de mayo en la capital de Espa\u00f1a.<\/p>\n\n\n\n<p>&nbsp;&nbsp;&nbsp;As\u00ed lo anunciaron este viernes en la presentaci\u00f3n oficial de la prueba, celebrada en la sede de LaLiga, con el ide\u00f3logo y director de la carrera, Diego Garc\u00eda Carrera, junto a la concejala de Deportes del Ayuntamiento de Madrid, Sof\u00eda Miranda; el viceconsejero de Deportes de la Comunidad de Madrid, Alberto Tom\u00e9; y Jos\u00e9 Antonio Montero, director adjunto de relaciones institucionales y responsable de LaLiga Sports TV.<\/p>\n\n\n\n<p>&nbsp;&nbsp;&nbsp;Tambi\u00e9n estuvieron representantes tanto de la Real Federaci\u00f3n Espa\u00f1ola de Atletismo (RFEA) y los marchadores Marc Tur y Raquel Gonz\u00e1lez Campos, as\u00ed como la gran leyenda espa\u00f1ola de la disciplina Jes\u00fas \u00c1ngel Garc\u00eda Bragado, participante en ocho Juegos Ol\u00edmpicos.<\/p>\n\n\n\n<p>&nbsp;&nbsp;&nbsp;&#8220;Ser\u00e1 el Gran Premio de marcha m\u00e1s bonito del mundo por la Gran V\u00eda madrile\u00f1a. Este a\u00f1o en que Madrid es Capital Mundial del Deporte hemos puesto el foco en el deporte base, pero tambi\u00e9n en estos grandes eventos que ponen a nuestra ciudad en el punto de mira del deporte mundial&#8221;, coment\u00f3 Sof\u00eda Miranda.<\/p>\n\n\n\n<p>&nbsp;&nbsp;&nbsp; La prueba se disputar\u00e1 el 16 de mayo y contar\u00e1 con un circuito de 500 metros en la Gran V\u00eda, al que los participantes tendr\u00e1n que dar diez vueltas hasta completar los 10 kil\u00f3metros. Justo antes de la salida, Garc\u00eda Bragado ser\u00e1 homenajeado y recibir\u00e1 el premio &#8216;Marca Leyenda&#8217;.<\/p>\n\n\n\n<p>&nbsp;&nbsp;&nbsp;Bragado declar\u00f3 a Europa Press que era algo que le &#8220;quedaba pendiente&#8221;. &#8220;Todos sabemos que han sido a\u00f1os complicados con el tema de la pandemia y no encontr\u00e1bamos manera para que pudiera recibirlo. Este Gran Premio Internacional de Madrid Marcha ha brindado la oportunidad de hacerlo aqu\u00ed en un grand\u00edsimo escenario como es la Gran V\u00eda y estoy agradecid\u00edsimo&#8221;, coment\u00f3.<\/p>\n\n\n\n<p>&nbsp;&nbsp;&nbsp;Garc\u00eda Bragado, retirado hace menos de un a\u00f1o tras los Juegos Ol\u00edmpicos de Tokyo 2020, reconoci\u00f3 que le &#8220;habr\u00eda encantado por lo menos haber participado y competido por primera vez&#8221;. &#8220;En cierta manera s\u00ed que me gustar\u00eda ponerme el dorsal, pero todo el tiempo va pasando y ahora me corresponde ver los toros desde la barrera&#8221;, explic\u00f3.<\/p>\n\n\n\n<p>&nbsp;&nbsp;&nbsp;Por su parte, Diego Garc\u00eda Carrera, actual subcampe\u00f3n de Europa en 20 kil\u00f3metros, es el gran art\u00edfice de que esta carrera haya visto la luz. &#8220;Este es mi sue\u00f1o, el poder contribuir a mi especialidad y promocionarla ante el gran p\u00fablico, que creo que nos faltaban oportunidades y competiciones para llegar a la gente. Encima todo esto en Madrid, que es mi casa pues es como que todo se conjuga y es un d\u00eda muy especial&#8221;, asegur\u00f3 a Europa Press.<\/p>\n\n\n\n<p>&nbsp;&nbsp;&nbsp;Garc\u00eda Carrera reconoce que &#8220;en cada entrenamiento&#8221; ya est\u00e1 pensando en la prueba, donde reconoce que no lo tendr\u00e1 f\u00e1cil para obtenter un buen resultado. &#8220;Al conseguir traer a los mejores del mundo est\u00e1s poniendo piedras en tu propio camino, con lo cual yo para esta primera edici\u00f3n me conformo con que sea un \u00e9xito a nivel organizativo&#8221;, coment\u00f3 entre risas.<\/p>\n\n\n\n<p>&nbsp;&nbsp;&nbsp;La carrera, organizada por la empresa G2O Publisport y con el patrocinio de LaLiga, el Ayuntamiento y la Comunidad de Madrid, contar\u00e1 con un elenco muy importante de participaci\u00f3n, entre ellos el oro en 20 kil\u00f3metros en Tokyo 2020 Massimo Stano y el diploma ol\u00edmpico Marc Tur, a quien ape\u00f3 del bronce Evan Dunfee muy cerca de la meta en los 50 kil\u00f3metros.<\/p>\n\n\n\n<p>&nbsp;&nbsp;&nbsp;Ambos se reencontrar\u00e1n ahora en Madrid, lo que para Garc\u00eda Carrera no va a ser &#8220;morbo, sino competici\u00f3n pura y dura&#8221;. &#8220;Se van a volver a ver despu\u00e9s de ese final fren\u00e9tico de los Juegos Ol\u00edmpicos, pero ahora va a ser sprint. Yo creo que Marc se va a encargar personalmente de ganarle&#8221;, afirm\u00f3.<\/p>\n\n\n\n<p>&nbsp;&nbsp;&nbsp;La prueba partir\u00e1 de la madrile\u00f1a Plaza de Callao, y tanto la prueba masculina como la femenina transcurrir\u00e1n de manera simult\u00e1nea. En ella tambi\u00e9n habr\u00e1 grandes nombres, como la mexicana Alegna Gonz\u00e1lez o la china Shijie Qieyang, oro en Londres 2012.<\/p>\n\n\n\n<p>&nbsp;&nbsp;&nbsp;La marchadora espa\u00f1ola Raquel Gonz\u00e1lez Campos, tambi\u00e9n deportista ol\u00edmpica, se mostr\u00f3 muy ilusionada con la prueba, aunque reconoci\u00f3 que la enfoca como preparaci\u00f3n para el Campeonato del Mundo que se celebrar\u00e1 el pr\u00f3ximo verano en Estados Unidos.<\/p>\n\n\n\n<p>&nbsp;&nbsp;&nbsp;&#8220;Tenemos a la campeona ol\u00edmpica, a las chinas, que son rivales muy potentes, a las ecuatorianas que han sido campeonas del mundo recientemente en Om\u00e1n, donde las espa\u00f1olas fuimos plata, as\u00ed que va a ser una batalla espectacular&#8221;, declar\u00f3 Gonz\u00e1lez Campos.<\/p>\n\n\n\n<p>&nbsp;&nbsp;&nbsp;Para la carrera no quiere &#8220;hacer una porra&#8221;, pero reconoci\u00f3 que le va a ser dif\u00edcil competir porque este a\u00f1o se est\u00e1 &#8220;preparando para distancias un poco m\u00e1s largas&#8221; y no tendr\u00e1 la velocidad de otras rivales.<\/p>\n\n\n\n<p>Fuente: <a href=\"https:\/\/www.europapress.es\/deportes\/madrid2022\/noticia-stano-tur-diego-garcia-cartel-gran-premio-internacional-madrid-marcha-20220506143813.html\" target=\"_blank\" rel=\"noreferrer noopener\">https:\/\/www.europapress.es\/deportes\/madrid2022\/noticia-stano-tur-diego-garcia-cartel-gran-premio-internacional-madrid-marcha-20220506143813.html<\/a><\/p>","protected":false},"excerpt":{"rendered":"<p>El campe\u00f3n ol\u00edmpico en 20 kil\u00f3metros marcha en Tokyo 2020, el italiano Massimo Stano, y los espa\u00f1oles Marc Tur y Diego Garc\u00eda, diplomas ol\u00edmpicos en 50 y 20 kil\u00f3metros&#8230;<\/p>","protected":false},"author":1,"featured_media":5435,"comment_status":"closed","ping_status":"open","sticky":false,"template":"","format":"standard","meta":{"footnotes":""},"categories":[1],"tags":[],"class_list":["post-5454","post","type-post","status-publish","format-standard","has-post-thumbnail","hentry","category-uncategorized"],"_links":{"self":[{"href":"https:\/\/madridmarcha.com\/en\/wp-json\/wp\/v2\/posts\/5454","targetHints":{"allow":["GET"]}}],"collection":[{"href":"https:\/\/madridmarcha.com\/en\/wp-json\/wp\/v2\/posts"}],"about":[{"href":"https:\/\/madridmarcha.com\/en\/wp-json\/wp\/v2\/types\/post"}],"author":[{"embeddable":true,"href":"https:\/\/madridmarcha.com\/en\/wp-json\/wp\/v2\/users\/1"}],"replies":[{"embeddable":true,"href":"https:\/\/madridmarcha.com\/en\/wp-json\/wp\/v2\/comments?post=5454"}],"version-history":[{"count":3,"href":"https:\/\/madridmarcha.com\/en\/wp-json\/wp\/v2\/posts\/5454\/revisions"}],"predecessor-version":[{"id":5492,"href":"https:\/\/madridmarcha.com\/en\/wp-json\/wp\/v2\/posts\/5454\/revisions\/5492"}],"wp:featuredmedia":[{"embeddable":true,"href":"https:\/\/madridmarcha.com\/en\/wp-json\/wp\/v2\/media\/5435"}],"wp:attachment":[{"href":"https:\/\/madridmarcha.com\/en\/wp-json\/wp\/v2\/media?parent=5454"}],"wp:term":[{"taxonomy":"category","embeddable":true,"href":"https:\/\/madridmarcha.com\/en\/wp-json\/wp\/v2\/categories?post=5454"},{"taxonomy":"post_tag","embeddable":true,"href":"https:\/\/madridmarcha.com\/en\/wp-json\/wp\/v2\/tags?post=5454"}],"curies":[{"name":"wp","href":"https:\/\/api.w.org\/{rel}","templated":true}]}}