{"id":5425,"date":"2022-05-06T12:30:00","date_gmt":"2022-05-06T11:30:00","guid":{"rendered":"https:\/\/madridmarcha.com\/?p=5425"},"modified":"2022-05-09T10:30:08","modified_gmt":"2022-05-09T09:30:08","slug":"los-mejores-marchadores-del-mundo-tomaran-la-gran-via-de-madrid-el-16-de-mayo","status":"publish","type":"post","link":"https:\/\/madridmarcha.com\/en\/2022\/05\/06\/los-mejores-marchadores-del-mundo-tomaran-la-gran-via-de-madrid-el-16-de-mayo\/","title":{"rendered":"Los mejores marchadores del mundo tomar\u00e1n la Gran V\u00eda de Madrid el 16 de mayo"},"content":{"rendered":"<p><em><strong>Madrid, 6 de mayo de 2022<\/strong><\/em>.- En la ma\u00f1ana de hoy, en la sede de LaLiga, ha tenido lugar la presentaci\u00f3n de la I edici\u00f3n del <strong>Gran Premio Internacional Madrid Marcha LaLiga<\/strong>. El acto, presentado por los periodistas Roc\u00edo Mart\u00ednez y Javier Callejo, cont\u00f3 con la participaci\u00f3n de Jos\u00e9 Montero, director adjunto de Relaciones Institucionales y responsable de LaLiga Sports TV; Sof\u00eda Miranda, titular del \u00c1rea Delegada de Deporte del Ayuntamiento de Madrid; y, Alberto Tom\u00e9, Viceconsejero de Deportes de la Comunidad de Madrid.<\/p>\n\n\n\n<p>En la presentaci\u00f3n intervinieron tambi\u00e9n los marchadores Diego Garc\u00eda Carrera, director deportivo de la prueba; Marc Tur, Raquel Gonz\u00e1lez y Chuso Garc\u00eda Bragado. Todos, sin excepci\u00f3n, subrayaron la importancia de la iniciativa, el cartel de lujo en cuanto a participantes, as\u00ed como el escenario, la Gran V\u00eda, que acoger\u00e1, el pr\u00f3ximo lunes 16 de mayo, a los mejores marchadores del mundo.<\/p>\n\n\n\n<p>Massimo Stano, actual campe\u00f3n ol\u00edmpico de 20 km, Diego Garc\u00eda Carrera, subcampe\u00f3n europeo de la distancia, y Marc Tur, cuarto en la final ol\u00edmpica de 50 km, son algunos de los 80 atletas que participar\u00e1n el pr\u00f3ximo 16 de mayo en el Gran Premio Madrid Marcha LaLiga, puntuable, con categor\u00eda oro, para el circuito mundial de la disciplina.<\/p>\n\n\n\n<p>La n\u00f3mina de marchadores incluye atletas de veintis\u00e9is pa\u00edses, entre ellos tambi\u00e9n el sueco Perseus Karlstrom, l\u00edder del circuito mundial y bronce mundial en 20 km; el chino Kaihua Wang, que posee la segunda mejor marca mundial de todos los tiempos; el ecuatoriano Daniel Pintado, campe\u00f3n panamericano de 20 km; Clemence Beretta, la campeona de Francia; Bethan Davies, campeona de Gran Breta\u00f1a y la espa\u00f1ola Raquel Gonz\u00e1lez, que posee el r\u00e9cord nacional de 10km.<\/p>\n\n\n\n<figure class=\"wp-block-gallery has-nested-images columns-default is-cropped wp-block-gallery-1 is-layout-flex wp-block-gallery-is-layout-flex\">\n<figure class=\"wp-block-image size-large\"><a href=\"https:\/\/madridmarcha.com\/wp-content\/uploads\/2022\/05\/rapariciolalaiga05web.jpg\" target=\"_blank\" rel=\"noopener\"><img loading=\"lazy\" decoding=\"async\" width=\"1024\" height=\"682\" data-id=\"5432\" src=\"https:\/\/madridmarcha.com\/wp-content\/uploads\/2022\/05\/rapariciolalaiga05web-1024x682.jpg\" alt=\"\" class=\"wp-image-5432\" srcset=\"https:\/\/madridmarcha.com\/wp-content\/uploads\/2022\/05\/rapariciolalaiga05web-1024x682.jpg 1024w, https:\/\/madridmarcha.com\/wp-content\/uploads\/2022\/05\/rapariciolalaiga05web-300x200.jpg 300w, https:\/\/madridmarcha.com\/wp-content\/uploads\/2022\/05\/rapariciolalaiga05web-768x512.jpg 768w, https:\/\/madridmarcha.com\/wp-content\/uploads\/2022\/05\/rapariciolalaiga05web-18x12.jpg 18w, https:\/\/madridmarcha.com\/wp-content\/uploads\/2022\/05\/rapariciolalaiga05web-370x247.jpg 370w, https:\/\/madridmarcha.com\/wp-content\/uploads\/2022\/05\/rapariciolalaiga05web-745x496.jpg 745w, https:\/\/madridmarcha.com\/wp-content\/uploads\/2022\/05\/rapariciolalaiga05web-365x243.jpg 365w, https:\/\/madridmarcha.com\/wp-content\/uploads\/2022\/05\/rapariciolalaiga05web.jpg 1280w\" sizes=\"auto, (max-width: 1024px) 100vw, 1024px\" \/><\/a><\/figure>\n\n\n\n<figure class=\"wp-block-image size-large\"><a href=\"https:\/\/madridmarcha.com\/wp-content\/uploads\/2022\/05\/rapariciolalaiga07web.jpg\" target=\"_blank\" rel=\"noopener\"><img loading=\"lazy\" decoding=\"async\" width=\"1024\" height=\"682\" data-id=\"5433\" src=\"https:\/\/madridmarcha.com\/wp-content\/uploads\/2022\/05\/rapariciolalaiga07web-1024x682.jpg\" alt=\"\" class=\"wp-image-5433\" srcset=\"https:\/\/madridmarcha.com\/wp-content\/uploads\/2022\/05\/rapariciolalaiga07web-1024x682.jpg 1024w, https:\/\/madridmarcha.com\/wp-content\/uploads\/2022\/05\/rapariciolalaiga07web-300x200.jpg 300w, https:\/\/madridmarcha.com\/wp-content\/uploads\/2022\/05\/rapariciolalaiga07web-768x512.jpg 768w, https:\/\/madridmarcha.com\/wp-content\/uploads\/2022\/05\/rapariciolalaiga07web-18x12.jpg 18w, https:\/\/madridmarcha.com\/wp-content\/uploads\/2022\/05\/rapariciolalaiga07web-370x247.jpg 370w, https:\/\/madridmarcha.com\/wp-content\/uploads\/2022\/05\/rapariciolalaiga07web-745x496.jpg 745w, https:\/\/madridmarcha.com\/wp-content\/uploads\/2022\/05\/rapariciolalaiga07web-365x243.jpg 365w, https:\/\/madridmarcha.com\/wp-content\/uploads\/2022\/05\/rapariciolalaiga07web.jpg 1280w\" sizes=\"auto, (max-width: 1024px) 100vw, 1024px\" \/><\/a><\/figure>\n\n\n\n<figure class=\"wp-block-image size-large\"><a href=\"https:\/\/madridmarcha.com\/wp-content\/uploads\/2022\/05\/rapariciolalaiga09web.jpg\" target=\"_blank\" rel=\"noopener\"><img loading=\"lazy\" decoding=\"async\" width=\"1024\" height=\"682\" data-id=\"5434\" src=\"https:\/\/madridmarcha.com\/wp-content\/uploads\/2022\/05\/rapariciolalaiga09web-1024x682.jpg\" alt=\"\" class=\"wp-image-5434\" srcset=\"https:\/\/madridmarcha.com\/wp-content\/uploads\/2022\/05\/rapariciolalaiga09web-1024x682.jpg 1024w, https:\/\/madridmarcha.com\/wp-content\/uploads\/2022\/05\/rapariciolalaiga09web-300x200.jpg 300w, https:\/\/madridmarcha.com\/wp-content\/uploads\/2022\/05\/rapariciolalaiga09web-768x512.jpg 768w, https:\/\/madridmarcha.com\/wp-content\/uploads\/2022\/05\/rapariciolalaiga09web-18x12.jpg 18w, https:\/\/madridmarcha.com\/wp-content\/uploads\/2022\/05\/rapariciolalaiga09web-370x247.jpg 370w, https:\/\/madridmarcha.com\/wp-content\/uploads\/2022\/05\/rapariciolalaiga09web-745x496.jpg 745w, https:\/\/madridmarcha.com\/wp-content\/uploads\/2022\/05\/rapariciolalaiga09web-365x243.jpg 365w, https:\/\/madridmarcha.com\/wp-content\/uploads\/2022\/05\/rapariciolalaiga09web.jpg 1280w\" sizes=\"auto, (max-width: 1024px) 100vw, 1024px\" \/><\/a><\/figure>\n\n\n\n<figure class=\"wp-block-image size-large\"><a href=\"https:\/\/madridmarcha.com\/wp-content\/uploads\/2022\/05\/rapariciolalaiga11web.jpg\" target=\"_blank\" rel=\"noopener\"><img loading=\"lazy\" decoding=\"async\" width=\"1024\" height=\"682\" data-id=\"5442\" src=\"https:\/\/madridmarcha.com\/wp-content\/uploads\/2022\/05\/rapariciolalaiga11web-1024x682.jpg\" alt=\"\" class=\"wp-image-5442\" srcset=\"https:\/\/madridmarcha.com\/wp-content\/uploads\/2022\/05\/rapariciolalaiga11web-1024x682.jpg 1024w, https:\/\/madridmarcha.com\/wp-content\/uploads\/2022\/05\/rapariciolalaiga11web-300x200.jpg 300w, https:\/\/madridmarcha.com\/wp-content\/uploads\/2022\/05\/rapariciolalaiga11web-768x512.jpg 768w, https:\/\/madridmarcha.com\/wp-content\/uploads\/2022\/05\/rapariciolalaiga11web-18x12.jpg 18w, https:\/\/madridmarcha.com\/wp-content\/uploads\/2022\/05\/rapariciolalaiga11web-370x247.jpg 370w, https:\/\/madridmarcha.com\/wp-content\/uploads\/2022\/05\/rapariciolalaiga11web-745x496.jpg 745w, https:\/\/madridmarcha.com\/wp-content\/uploads\/2022\/05\/rapariciolalaiga11web-365x243.jpg 365w, https:\/\/madridmarcha.com\/wp-content\/uploads\/2022\/05\/rapariciolalaiga11web.jpg 1280w\" sizes=\"auto, (max-width: 1024px) 100vw, 1024px\" \/><\/a><\/figure>\n\n\n\n<figure class=\"wp-block-image size-large\"><a href=\"https:\/\/madridmarcha.com\/wp-content\/uploads\/2022\/05\/rapariciolalaiga13web.jpg\" target=\"_blank\" rel=\"noopener\"><img loading=\"lazy\" decoding=\"async\" width=\"1024\" height=\"682\" data-id=\"5431\" src=\"https:\/\/madridmarcha.com\/wp-content\/uploads\/2022\/05\/rapariciolalaiga13web-1024x682.jpg\" alt=\"\" class=\"wp-image-5431\" srcset=\"https:\/\/madridmarcha.com\/wp-content\/uploads\/2022\/05\/rapariciolalaiga13web-1024x682.jpg 1024w, https:\/\/madridmarcha.com\/wp-content\/uploads\/2022\/05\/rapariciolalaiga13web-300x200.jpg 300w, https:\/\/madridmarcha.com\/wp-content\/uploads\/2022\/05\/rapariciolalaiga13web-768x512.jpg 768w, https:\/\/madridmarcha.com\/wp-content\/uploads\/2022\/05\/rapariciolalaiga13web-18x12.jpg 18w, https:\/\/madridmarcha.com\/wp-content\/uploads\/2022\/05\/rapariciolalaiga13web-370x247.jpg 370w, https:\/\/madridmarcha.com\/wp-content\/uploads\/2022\/05\/rapariciolalaiga13web-745x496.jpg 745w, https:\/\/madridmarcha.com\/wp-content\/uploads\/2022\/05\/rapariciolalaiga13web-365x243.jpg 365w, https:\/\/madridmarcha.com\/wp-content\/uploads\/2022\/05\/rapariciolalaiga13web.jpg 1280w\" sizes=\"auto, (max-width: 1024px) 100vw, 1024px\" \/><\/a><\/figure>\n\n\n\n<figure class=\"wp-block-image size-large\"><a href=\"https:\/\/madridmarcha.com\/wp-content\/uploads\/2022\/05\/rapariciolalaiga16web.jpg\" target=\"_blank\" rel=\"noopener\"><img loading=\"lazy\" decoding=\"async\" width=\"1024\" height=\"682\" data-id=\"5430\" src=\"https:\/\/madridmarcha.com\/wp-content\/uploads\/2022\/05\/rapariciolalaiga16web-1024x682.jpg\" alt=\"\" class=\"wp-image-5430\" srcset=\"https:\/\/madridmarcha.com\/wp-content\/uploads\/2022\/05\/rapariciolalaiga16web-1024x682.jpg 1024w, https:\/\/madridmarcha.com\/wp-content\/uploads\/2022\/05\/rapariciolalaiga16web-300x200.jpg 300w, https:\/\/madridmarcha.com\/wp-content\/uploads\/2022\/05\/rapariciolalaiga16web-768x512.jpg 768w, https:\/\/madridmarcha.com\/wp-content\/uploads\/2022\/05\/rapariciolalaiga16web-18x12.jpg 18w, https:\/\/madridmarcha.com\/wp-content\/uploads\/2022\/05\/rapariciolalaiga16web-370x247.jpg 370w, https:\/\/madridmarcha.com\/wp-content\/uploads\/2022\/05\/rapariciolalaiga16web-745x496.jpg 745w, https:\/\/madridmarcha.com\/wp-content\/uploads\/2022\/05\/rapariciolalaiga16web-365x243.jpg 365w, https:\/\/madridmarcha.com\/wp-content\/uploads\/2022\/05\/rapariciolalaiga16web.jpg 1280w\" sizes=\"auto, (max-width: 1024px) 100vw, 1024px\" \/><\/a><\/figure>\n\n\n\n<figure class=\"wp-block-image size-large\"><a href=\"https:\/\/madridmarcha.com\/wp-content\/uploads\/2022\/05\/rapariciolalaiga23web.jpg\" target=\"_blank\" rel=\"noopener\"><img loading=\"lazy\" decoding=\"async\" width=\"1024\" height=\"682\" data-id=\"5435\" src=\"https:\/\/madridmarcha.com\/wp-content\/uploads\/2022\/05\/rapariciolalaiga23web-1024x682.jpg\" alt=\"\" class=\"wp-image-5435\" srcset=\"https:\/\/madridmarcha.com\/wp-content\/uploads\/2022\/05\/rapariciolalaiga23web-1024x682.jpg 1024w, https:\/\/madridmarcha.com\/wp-content\/uploads\/2022\/05\/rapariciolalaiga23web-300x200.jpg 300w, https:\/\/madridmarcha.com\/wp-content\/uploads\/2022\/05\/rapariciolalaiga23web-768x512.jpg 768w, https:\/\/madridmarcha.com\/wp-content\/uploads\/2022\/05\/rapariciolalaiga23web-18x12.jpg 18w, https:\/\/madridmarcha.com\/wp-content\/uploads\/2022\/05\/rapariciolalaiga23web-370x247.jpg 370w, https:\/\/madridmarcha.com\/wp-content\/uploads\/2022\/05\/rapariciolalaiga23web-745x496.jpg 745w, https:\/\/madridmarcha.com\/wp-content\/uploads\/2022\/05\/rapariciolalaiga23web-365x243.jpg 365w, https:\/\/madridmarcha.com\/wp-content\/uploads\/2022\/05\/rapariciolalaiga23web.jpg 1280w\" sizes=\"auto, (max-width: 1024px) 100vw, 1024px\" \/><\/a><\/figure>\n\n\n\n<figure class=\"wp-block-image size-large\"><a href=\"https:\/\/madridmarcha.com\/wp-content\/uploads\/2022\/05\/rapariciolalaiga27web.jpg\" target=\"_blank\" rel=\"noopener\"><img loading=\"lazy\" decoding=\"async\" width=\"1024\" height=\"682\" data-id=\"5436\" src=\"https:\/\/madridmarcha.com\/wp-content\/uploads\/2022\/05\/rapariciolalaiga27web-1024x682.jpg\" alt=\"\" class=\"wp-image-5436\" srcset=\"https:\/\/madridmarcha.com\/wp-content\/uploads\/2022\/05\/rapariciolalaiga27web-1024x682.jpg 1024w, https:\/\/madridmarcha.com\/wp-content\/uploads\/2022\/05\/rapariciolalaiga27web-300x200.jpg 300w, https:\/\/madridmarcha.com\/wp-content\/uploads\/2022\/05\/rapariciolalaiga27web-768x512.jpg 768w, https:\/\/madridmarcha.com\/wp-content\/uploads\/2022\/05\/rapariciolalaiga27web-18x12.jpg 18w, https:\/\/madridmarcha.com\/wp-content\/uploads\/2022\/05\/rapariciolalaiga27web-370x247.jpg 370w, https:\/\/madridmarcha.com\/wp-content\/uploads\/2022\/05\/rapariciolalaiga27web-745x496.jpg 745w, https:\/\/madridmarcha.com\/wp-content\/uploads\/2022\/05\/rapariciolalaiga27web-365x243.jpg 365w, https:\/\/madridmarcha.com\/wp-content\/uploads\/2022\/05\/rapariciolalaiga27web.jpg 1280w\" sizes=\"auto, (max-width: 1024px) 100vw, 1024px\" \/><\/a><\/figure>\n\n\n\n<figure class=\"wp-block-image size-large\"><a href=\"https:\/\/madridmarcha.com\/wp-content\/uploads\/2022\/05\/rapariciolalaiga28web.jpg\" target=\"_blank\" rel=\"noopener\"><img loading=\"lazy\" decoding=\"async\" width=\"1024\" height=\"682\" data-id=\"5437\" src=\"https:\/\/madridmarcha.com\/wp-content\/uploads\/2022\/05\/rapariciolalaiga28web-1024x682.jpg\" alt=\"\" class=\"wp-image-5437\" srcset=\"https:\/\/madridmarcha.com\/wp-content\/uploads\/2022\/05\/rapariciolalaiga28web-1024x682.jpg 1024w, https:\/\/madridmarcha.com\/wp-content\/uploads\/2022\/05\/rapariciolalaiga28web-300x200.jpg 300w, https:\/\/madridmarcha.com\/wp-content\/uploads\/2022\/05\/rapariciolalaiga28web-768x512.jpg 768w, https:\/\/madridmarcha.com\/wp-content\/uploads\/2022\/05\/rapariciolalaiga28web-18x12.jpg 18w, https:\/\/madridmarcha.com\/wp-content\/uploads\/2022\/05\/rapariciolalaiga28web-370x247.jpg 370w, https:\/\/madridmarcha.com\/wp-content\/uploads\/2022\/05\/rapariciolalaiga28web-745x496.jpg 745w, https:\/\/madridmarcha.com\/wp-content\/uploads\/2022\/05\/rapariciolalaiga28web-365x243.jpg 365w, https:\/\/madridmarcha.com\/wp-content\/uploads\/2022\/05\/rapariciolalaiga28web.jpg 1280w\" sizes=\"auto, (max-width: 1024px) 100vw, 1024px\" \/><\/a><\/figure>\n\n\n\n<figure class=\"wp-block-image size-large\"><a href=\"https:\/\/madridmarcha.com\/wp-content\/uploads\/2022\/05\/rapariciolalaiga29web.jpg\" target=\"_blank\" rel=\"noopener\"><img loading=\"lazy\" decoding=\"async\" width=\"1024\" height=\"682\" data-id=\"5438\" src=\"https:\/\/madridmarcha.com\/wp-content\/uploads\/2022\/05\/rapariciolalaiga29web-1024x682.jpg\" alt=\"\" class=\"wp-image-5438\" srcset=\"https:\/\/madridmarcha.com\/wp-content\/uploads\/2022\/05\/rapariciolalaiga29web-1024x682.jpg 1024w, https:\/\/madridmarcha.com\/wp-content\/uploads\/2022\/05\/rapariciolalaiga29web-300x200.jpg 300w, https:\/\/madridmarcha.com\/wp-content\/uploads\/2022\/05\/rapariciolalaiga29web-768x512.jpg 768w, https:\/\/madridmarcha.com\/wp-content\/uploads\/2022\/05\/rapariciolalaiga29web-18x12.jpg 18w, https:\/\/madridmarcha.com\/wp-content\/uploads\/2022\/05\/rapariciolalaiga29web-370x247.jpg 370w, https:\/\/madridmarcha.com\/wp-content\/uploads\/2022\/05\/rapariciolalaiga29web-745x496.jpg 745w, https:\/\/madridmarcha.com\/wp-content\/uploads\/2022\/05\/rapariciolalaiga29web-365x243.jpg 365w, https:\/\/madridmarcha.com\/wp-content\/uploads\/2022\/05\/rapariciolalaiga29web.jpg 1280w\" sizes=\"auto, (max-width: 1024px) 100vw, 1024px\" \/><\/a><\/figure>\n\n\n\n<figure class=\"wp-block-image size-large\"><a href=\"https:\/\/madridmarcha.com\/wp-content\/uploads\/2022\/05\/rapariciolalaiga30web.jpg\" target=\"_blank\" rel=\"noopener\"><img loading=\"lazy\" decoding=\"async\" width=\"1024\" height=\"682\" data-id=\"5439\" src=\"https:\/\/madridmarcha.com\/wp-content\/uploads\/2022\/05\/rapariciolalaiga30web-1024x682.jpg\" alt=\"\" class=\"wp-image-5439\" srcset=\"https:\/\/madridmarcha.com\/wp-content\/uploads\/2022\/05\/rapariciolalaiga30web-1024x682.jpg 1024w, https:\/\/madridmarcha.com\/wp-content\/uploads\/2022\/05\/rapariciolalaiga30web-300x200.jpg 300w, https:\/\/madridmarcha.com\/wp-content\/uploads\/2022\/05\/rapariciolalaiga30web-768x512.jpg 768w, https:\/\/madridmarcha.com\/wp-content\/uploads\/2022\/05\/rapariciolalaiga30web-18x12.jpg 18w, https:\/\/madridmarcha.com\/wp-content\/uploads\/2022\/05\/rapariciolalaiga30web-370x247.jpg 370w, https:\/\/madridmarcha.com\/wp-content\/uploads\/2022\/05\/rapariciolalaiga30web-745x496.jpg 745w, https:\/\/madridmarcha.com\/wp-content\/uploads\/2022\/05\/rapariciolalaiga30web-365x243.jpg 365w, https:\/\/madridmarcha.com\/wp-content\/uploads\/2022\/05\/rapariciolalaiga30web.jpg 1280w\" sizes=\"auto, (max-width: 1024px) 100vw, 1024px\" \/><\/a><\/figure>\n\n\n\n<figure class=\"wp-block-image size-large\"><a href=\"https:\/\/madridmarcha.com\/wp-content\/uploads\/2022\/05\/rapariciolalaiga33web.jpg\" target=\"_blank\" rel=\"noopener\"><img loading=\"lazy\" decoding=\"async\" width=\"640\" height=\"960\" data-id=\"5440\" src=\"https:\/\/madridmarcha.com\/wp-content\/uploads\/2022\/05\/rapariciolalaiga33web.jpg\" alt=\"\" class=\"wp-image-5440\" srcset=\"https:\/\/madridmarcha.com\/wp-content\/uploads\/2022\/05\/rapariciolalaiga33web.jpg 640w, https:\/\/madridmarcha.com\/wp-content\/uploads\/2022\/05\/rapariciolalaiga33web-200x300.jpg 200w, https:\/\/madridmarcha.com\/wp-content\/uploads\/2022\/05\/rapariciolalaiga33web-8x12.jpg 8w, https:\/\/madridmarcha.com\/wp-content\/uploads\/2022\/05\/rapariciolalaiga33web-370x555.jpg 370w, https:\/\/madridmarcha.com\/wp-content\/uploads\/2022\/05\/rapariciolalaiga33web-365x548.jpg 365w\" sizes=\"auto, (max-width: 640px) 100vw, 640px\" \/><\/a><\/figure>\n\n\n\n<figure class=\"wp-block-image size-large\"><a href=\"https:\/\/madridmarcha.com\/wp-content\/uploads\/2022\/05\/rapariciolalaiga35web.jpg\" target=\"_blank\" rel=\"noopener\"><img loading=\"lazy\" decoding=\"async\" width=\"1024\" height=\"682\" data-id=\"5441\" src=\"https:\/\/madridmarcha.com\/wp-content\/uploads\/2022\/05\/rapariciolalaiga35web-1024x682.jpg\" alt=\"\" class=\"wp-image-5441\" srcset=\"https:\/\/madridmarcha.com\/wp-content\/uploads\/2022\/05\/rapariciolalaiga35web-1024x682.jpg 1024w, https:\/\/madridmarcha.com\/wp-content\/uploads\/2022\/05\/rapariciolalaiga35web-300x200.jpg 300w, https:\/\/madridmarcha.com\/wp-content\/uploads\/2022\/05\/rapariciolalaiga35web-768x512.jpg 768w, https:\/\/madridmarcha.com\/wp-content\/uploads\/2022\/05\/rapariciolalaiga35web-18x12.jpg 18w, https:\/\/madridmarcha.com\/wp-content\/uploads\/2022\/05\/rapariciolalaiga35web-370x247.jpg 370w, https:\/\/madridmarcha.com\/wp-content\/uploads\/2022\/05\/rapariciolalaiga35web-745x496.jpg 745w, https:\/\/madridmarcha.com\/wp-content\/uploads\/2022\/05\/rapariciolalaiga35web-365x243.jpg 365w, https:\/\/madridmarcha.com\/wp-content\/uploads\/2022\/05\/rapariciolalaiga35web.jpg 1280w\" sizes=\"auto, (max-width: 1024px) 100vw, 1024px\" \/><\/a><\/figure>\n\n\n\n<figure class=\"wp-block-image size-large\"><a href=\"https:\/\/madridmarcha.com\/wp-content\/uploads\/2022\/05\/rapariciolalaiga36web.jpg\" target=\"_blank\" rel=\"noopener\"><img loading=\"lazy\" decoding=\"async\" width=\"1024\" height=\"682\" data-id=\"5444\" src=\"https:\/\/madridmarcha.com\/wp-content\/uploads\/2022\/05\/rapariciolalaiga36web-1024x682.jpg\" alt=\"\" class=\"wp-image-5444\" srcset=\"https:\/\/madridmarcha.com\/wp-content\/uploads\/2022\/05\/rapariciolalaiga36web-1024x682.jpg 1024w, https:\/\/madridmarcha.com\/wp-content\/uploads\/2022\/05\/rapariciolalaiga36web-300x200.jpg 300w, https:\/\/madridmarcha.com\/wp-content\/uploads\/2022\/05\/rapariciolalaiga36web-768x512.jpg 768w, https:\/\/madridmarcha.com\/wp-content\/uploads\/2022\/05\/rapariciolalaiga36web-18x12.jpg 18w, https:\/\/madridmarcha.com\/wp-content\/uploads\/2022\/05\/rapariciolalaiga36web-370x247.jpg 370w, https:\/\/madridmarcha.com\/wp-content\/uploads\/2022\/05\/rapariciolalaiga36web-745x496.jpg 745w, https:\/\/madridmarcha.com\/wp-content\/uploads\/2022\/05\/rapariciolalaiga36web-365x243.jpg 365w, https:\/\/madridmarcha.com\/wp-content\/uploads\/2022\/05\/rapariciolalaiga36web.jpg 1280w\" sizes=\"auto, (max-width: 1024px) 100vw, 1024px\" \/><\/a><\/figure>\n\n\n\n<figure class=\"wp-block-image size-large\"><a href=\"https:\/\/madridmarcha.com\/wp-content\/uploads\/2022\/05\/rapariciolalaiga37web.jpg\" target=\"_blank\" rel=\"noopener\"><img loading=\"lazy\" decoding=\"async\" width=\"1024\" height=\"682\" data-id=\"5443\" src=\"https:\/\/madridmarcha.com\/wp-content\/uploads\/2022\/05\/rapariciolalaiga37web-1024x682.jpg\" alt=\"\" class=\"wp-image-5443\" srcset=\"https:\/\/madridmarcha.com\/wp-content\/uploads\/2022\/05\/rapariciolalaiga37web-1024x682.jpg 1024w, https:\/\/madridmarcha.com\/wp-content\/uploads\/2022\/05\/rapariciolalaiga37web-300x200.jpg 300w, https:\/\/madridmarcha.com\/wp-content\/uploads\/2022\/05\/rapariciolalaiga37web-768x512.jpg 768w, https:\/\/madridmarcha.com\/wp-content\/uploads\/2022\/05\/rapariciolalaiga37web-18x12.jpg 18w, https:\/\/madridmarcha.com\/wp-content\/uploads\/2022\/05\/rapariciolalaiga37web-370x247.jpg 370w, https:\/\/madridmarcha.com\/wp-content\/uploads\/2022\/05\/rapariciolalaiga37web-745x496.jpg 745w, https:\/\/madridmarcha.com\/wp-content\/uploads\/2022\/05\/rapariciolalaiga37web-365x243.jpg 365w, https:\/\/madridmarcha.com\/wp-content\/uploads\/2022\/05\/rapariciolalaiga37web.jpg 1280w\" sizes=\"auto, (max-width: 1024px) 100vw, 1024px\" \/><\/a><\/figure>\n\n\n\n<figure class=\"wp-block-image size-large\"><a href=\"https:\/\/madridmarcha.com\/wp-content\/uploads\/2022\/05\/rapariciolalaiga38web.jpg\" target=\"_blank\" rel=\"noopener\"><img loading=\"lazy\" decoding=\"async\" width=\"1024\" height=\"682\" data-id=\"5445\" src=\"https:\/\/madridmarcha.com\/wp-content\/uploads\/2022\/05\/rapariciolalaiga38web-1024x682.jpg\" alt=\"\" class=\"wp-image-5445\" srcset=\"https:\/\/madridmarcha.com\/wp-content\/uploads\/2022\/05\/rapariciolalaiga38web-1024x682.jpg 1024w, https:\/\/madridmarcha.com\/wp-content\/uploads\/2022\/05\/rapariciolalaiga38web-300x200.jpg 300w, https:\/\/madridmarcha.com\/wp-content\/uploads\/2022\/05\/rapariciolalaiga38web-768x512.jpg 768w, https:\/\/madridmarcha.com\/wp-content\/uploads\/2022\/05\/rapariciolalaiga38web-18x12.jpg 18w, https:\/\/madridmarcha.com\/wp-content\/uploads\/2022\/05\/rapariciolalaiga38web-370x247.jpg 370w, https:\/\/madridmarcha.com\/wp-content\/uploads\/2022\/05\/rapariciolalaiga38web-745x496.jpg 745w, https:\/\/madridmarcha.com\/wp-content\/uploads\/2022\/05\/rapariciolalaiga38web-365x243.jpg 365w, https:\/\/madridmarcha.com\/wp-content\/uploads\/2022\/05\/rapariciolalaiga38web.jpg 1280w\" sizes=\"auto, (max-width: 1024px) 100vw, 1024px\" \/><\/a><\/figure>\n\n\n\n<figure class=\"wp-block-image size-large\"><a href=\"https:\/\/madridmarcha.com\/wp-content\/uploads\/2022\/05\/rapariciolalaiga43web.jpg\" target=\"_blank\" rel=\"noopener\"><img loading=\"lazy\" decoding=\"async\" width=\"640\" height=\"960\" data-id=\"5446\" src=\"https:\/\/madridmarcha.com\/wp-content\/uploads\/2022\/05\/rapariciolalaiga43web.jpg\" alt=\"\" class=\"wp-image-5446\" srcset=\"https:\/\/madridmarcha.com\/wp-content\/uploads\/2022\/05\/rapariciolalaiga43web.jpg 640w, https:\/\/madridmarcha.com\/wp-content\/uploads\/2022\/05\/rapariciolalaiga43web-200x300.jpg 200w, https:\/\/madridmarcha.com\/wp-content\/uploads\/2022\/05\/rapariciolalaiga43web-8x12.jpg 8w, https:\/\/madridmarcha.com\/wp-content\/uploads\/2022\/05\/rapariciolalaiga43web-370x555.jpg 370w, https:\/\/madridmarcha.com\/wp-content\/uploads\/2022\/05\/rapariciolalaiga43web-365x548.jpg 365w\" sizes=\"auto, (max-width: 640px) 100vw, 640px\" \/><\/a><\/figure>\n\n\n\n<figure class=\"wp-block-image size-large\"><a href=\"https:\/\/madridmarcha.com\/wp-content\/uploads\/2022\/05\/rapariciolalaiga44web.jpg\" target=\"_blank\" rel=\"noopener\"><img loading=\"lazy\" decoding=\"async\" width=\"1024\" height=\"682\" data-id=\"5447\" src=\"https:\/\/madridmarcha.com\/wp-content\/uploads\/2022\/05\/rapariciolalaiga44web-1024x682.jpg\" alt=\"\" class=\"wp-image-5447\" srcset=\"https:\/\/madridmarcha.com\/wp-content\/uploads\/2022\/05\/rapariciolalaiga44web-1024x682.jpg 1024w, https:\/\/madridmarcha.com\/wp-content\/uploads\/2022\/05\/rapariciolalaiga44web-300x200.jpg 300w, https:\/\/madridmarcha.com\/wp-content\/uploads\/2022\/05\/rapariciolalaiga44web-768x512.jpg 768w, https:\/\/madridmarcha.com\/wp-content\/uploads\/2022\/05\/rapariciolalaiga44web-18x12.jpg 18w, https:\/\/madridmarcha.com\/wp-content\/uploads\/2022\/05\/rapariciolalaiga44web-370x247.jpg 370w, https:\/\/madridmarcha.com\/wp-content\/uploads\/2022\/05\/rapariciolalaiga44web-745x496.jpg 745w, https:\/\/madridmarcha.com\/wp-content\/uploads\/2022\/05\/rapariciolalaiga44web-365x243.jpg 365w, https:\/\/madridmarcha.com\/wp-content\/uploads\/2022\/05\/rapariciolalaiga44web.jpg 1280w\" sizes=\"auto, (max-width: 1024px) 100vw, 1024px\" \/><\/a><\/figure>\n\n\n\n<figure class=\"wp-block-image size-large\"><a href=\"https:\/\/madridmarcha.com\/wp-content\/uploads\/2022\/05\/rapariciolalaiga48web.jpg\" target=\"_blank\" rel=\"noopener\"><img loading=\"lazy\" decoding=\"async\" width=\"1024\" height=\"682\" data-id=\"5449\" src=\"https:\/\/madridmarcha.com\/wp-content\/uploads\/2022\/05\/rapariciolalaiga48web-1024x682.jpg\" alt=\"\" class=\"wp-image-5449\" srcset=\"https:\/\/madridmarcha.com\/wp-content\/uploads\/2022\/05\/rapariciolalaiga48web-1024x682.jpg 1024w, https:\/\/madridmarcha.com\/wp-content\/uploads\/2022\/05\/rapariciolalaiga48web-300x200.jpg 300w, https:\/\/madridmarcha.com\/wp-content\/uploads\/2022\/05\/rapariciolalaiga48web-768x512.jpg 768w, https:\/\/madridmarcha.com\/wp-content\/uploads\/2022\/05\/rapariciolalaiga48web-18x12.jpg 18w, https:\/\/madridmarcha.com\/wp-content\/uploads\/2022\/05\/rapariciolalaiga48web-370x247.jpg 370w, https:\/\/madridmarcha.com\/wp-content\/uploads\/2022\/05\/rapariciolalaiga48web-745x496.jpg 745w, https:\/\/madridmarcha.com\/wp-content\/uploads\/2022\/05\/rapariciolalaiga48web-365x243.jpg 365w, https:\/\/madridmarcha.com\/wp-content\/uploads\/2022\/05\/rapariciolalaiga48web.jpg 1280w\" sizes=\"auto, (max-width: 1024px) 100vw, 1024px\" \/><\/a><\/figure>\n\n\n\n<figure class=\"wp-block-image size-large\"><a href=\"https:\/\/madridmarcha.com\/wp-content\/uploads\/2022\/05\/rapariciolalaiga49web.jpg\" target=\"_blank\" rel=\"noopener\"><img loading=\"lazy\" decoding=\"async\" width=\"1024\" height=\"682\" data-id=\"5448\" src=\"https:\/\/madridmarcha.com\/wp-content\/uploads\/2022\/05\/rapariciolalaiga49web-1024x682.jpg\" alt=\"\" class=\"wp-image-5448\" srcset=\"https:\/\/madridmarcha.com\/wp-content\/uploads\/2022\/05\/rapariciolalaiga49web-1024x682.jpg 1024w, https:\/\/madridmarcha.com\/wp-content\/uploads\/2022\/05\/rapariciolalaiga49web-300x200.jpg 300w, https:\/\/madridmarcha.com\/wp-content\/uploads\/2022\/05\/rapariciolalaiga49web-768x512.jpg 768w, https:\/\/madridmarcha.com\/wp-content\/uploads\/2022\/05\/rapariciolalaiga49web-18x12.jpg 18w, https:\/\/madridmarcha.com\/wp-content\/uploads\/2022\/05\/rapariciolalaiga49web-370x247.jpg 370w, https:\/\/madridmarcha.com\/wp-content\/uploads\/2022\/05\/rapariciolalaiga49web-745x496.jpg 745w, https:\/\/madridmarcha.com\/wp-content\/uploads\/2022\/05\/rapariciolalaiga49web-365x243.jpg 365w, https:\/\/madridmarcha.com\/wp-content\/uploads\/2022\/05\/rapariciolalaiga49web.jpg 1280w\" sizes=\"auto, (max-width: 1024px) 100vw, 1024px\" \/><\/a><\/figure>\n<\/figure>","protected":false},"excerpt":{"rendered":"<p>En la ma\u00f1ana de hoy, en la sede de LaLiga, ha tenido lugar la presentaci\u00f3n de la I edici\u00f3n del Gran Premio Internacional Madrid Marcha LaLiga.<\/p>","protected":false},"author":1,"featured_media":5434,"comment_status":"closed","ping_status":"closed","sticky":false,"template":"","format":"standard","meta":{"footnotes":""},"categories":[1],"tags":[],"class_list":["post-5425","post","type-post","status-publish","format-standard","has-post-thumbnail","hentry","category-uncategorized"],"_links":{"self":[{"href":"https:\/\/madridmarcha.com\/en\/wp-json\/wp\/v2\/posts\/5425","targetHints":{"allow":["GET"]}}],"collection":[{"href":"https:\/\/madridmarcha.com\/en\/wp-json\/wp\/v2\/posts"}],"about":[{"href":"https:\/\/madridmarcha.com\/en\/wp-json\/wp\/v2\/types\/post"}],"author":[{"embeddable":true,"href":"https:\/\/madridmarcha.com\/en\/wp-json\/wp\/v2\/users\/1"}],"replies":[{"embeddable":true,"href":"https:\/\/madridmarcha.com\/en\/wp-json\/wp\/v2\/comments?post=5425"}],"version-history":[{"count":6,"href":"https:\/\/madridmarcha.com\/en\/wp-json\/wp\/v2\/posts\/5425\/revisions"}],"predecessor-version":[{"id":5452,"href":"https:\/\/madridmarcha.com\/en\/wp-json\/wp\/v2\/posts\/5425\/revisions\/5452"}],"wp:featuredmedia":[{"embeddable":true,"href":"https:\/\/madridmarcha.com\/en\/wp-json\/wp\/v2\/media\/5434"}],"wp:attachment":[{"href":"https:\/\/madridmarcha.com\/en\/wp-json\/wp\/v2\/media?parent=5425"}],"wp:term":[{"taxonomy":"category","embeddable":true,"href":"https:\/\/madridmarcha.com\/en\/wp-json\/wp\/v2\/categories?post=5425"},{"taxonomy":"post_tag","embeddable":true,"href":"https:\/\/madridmarcha.com\/en\/wp-json\/wp\/v2\/tags?post=5425"}],"curies":[{"name":"wp","href":"https:\/\/api.w.org\/{rel}","templated":true}]}}